{"id":24920,"date":"2022-10-24T10:10:41","date_gmt":"2022-10-24T10:10:41","guid":{"rendered":"https:\/\/neutrale.al\/?p=24920"},"modified":"2022-10-24T10:10:41","modified_gmt":"2022-10-24T10:10:41","slug":"arjola-demiri-ndan-fotot-kur-ishte-21-vjece-kam-qene-flake-deshire-te-behesha-nene","status":"publish","type":"post","link":"https:\/\/neutrale.al\/index.php\/2022\/10\/24\/arjola-demiri-ndan-fotot-kur-ishte-21-vjece-kam-qene-flake-deshire-te-behesha-nene\/","title":{"rendered":"Arjola Demiri ndan fotot, kur ishte 21-vje\u00e7e: Kam qen\u00eb flak\u00eb, d\u00ebshir\u00eb t\u00eb b\u00ebhesha n\u00ebn\u00eb."},"content":{"rendered":"<p>Aktorja e shum\u00ebnjohur Arjola Demiri ka ndar\u00eb me ndjek\u00ebsit disa fotografi, shkrepur kur ka qen\u00eb n\u00eb mosh\u00ebn 21 vje\u00e7are.<\/p>\n<p>Ajo sqaron se fotot jan\u00eb realizuar n\u00eb Turqi dhe thekson gjithashtu se ndihet krenare p\u00ebr vajz\u00ebn q\u00eb ka qen\u00eb.<\/p>\n<p>\u201cKan\u00eb kaluar 16 vite nga ky photo shooting n\u00eb Turqi. Vet\u00ebm familjar\u00ebt dhe disa prej miqve t\u00eb mi i mbajn\u00eb mend k\u00ebto foto dhe k\u00ebt\u00eb Arjol\u00ebn 21 vje\u00e7are.<\/p>\n<p>Me merr malli shum\u00eb p\u00ebr Arjol\u00ebn e dikurshme sepse vitet rrjedhin lum\u00eb dhe do doja t\u00eb kisha t\u00eb nj\u00ebjt\u00ebn freski dhe energji t\u00eb asaj moshe, por e di q\u00eb d\u00ebshira m\u00eb e madhe ka qen\u00eb t\u00eb jem n\u00ebn\u00eb.<\/p>\n<p>Pas dy muajve kam zbuluar q\u00eb isha n\u00eb pritje t\u00eb \u00ebmb\u00ebl me Helg\u00ebn time t\u00eb bukur. Edhe kur shoh foto t\u00eb vjetra ndihem shum\u00eb krenare p\u00ebr vajz\u00ebn q\u00eb isha.\u201d, ka shkruar ajo.<\/p>\n<p>\u201cThash\u00eb t\u2019ju prezantoj me Arjol\u00ebn 21 vje\u00e7are. Kam qen\u00eb flak\u00eb fare\u201d, ka shkruar Arjola n\u00eb Instastory.<\/p>\n<p><img loading=\"lazy\" loading=\"lazy\" decoding=\"async\" src=\"https:\/\/neutrale.al\/wp-content\/uploads\/2022\/10\/92A55EF0-65D5-48F8-849E-C5E48B4ED9A0-244x300.jpeg\" alt=\"\" width=\"244\" height=\"300\" class=\"alignnone size-medium wp-image-24921\" srcset=\"https:\/\/neutrale.al\/wp-content\/uploads\/2022\/10\/92A55EF0-65D5-48F8-849E-C5E48B4ED9A0-244x300.jpeg 244w, https:\/\/neutrale.al\/wp-content\/uploads\/2022\/10\/92A55EF0-65D5-48F8-849E-C5E48B4ED9A0.jpeg 406w\" sizes=\"auto, (max-width: 244px) 100vw, 244px\" \/><\/p>\n<p><img loading=\"lazy\" loading=\"lazy\" decoding=\"async\" src=\"https:\/\/neutrale.al\/wp-content\/uploads\/2022\/10\/4F825A65-E693-489B-97B7-AE51C2E7713B-240x300.jpeg\" alt=\"\" width=\"240\" height=\"300\" class=\"alignnone size-medium wp-image-24922\" srcset=\"https:\/\/neutrale.al\/wp-content\/uploads\/2022\/10\/4F825A65-E693-489B-97B7-AE51C2E7713B-240x300.jpeg 240w, https:\/\/neutrale.al\/wp-content\/uploads\/2022\/10\/4F825A65-E693-489B-97B7-AE51C2E7713B.jpeg 400w\" sizes=\"auto, (max-width: 240px) 100vw, 240px\" \/><\/p>\n<p><img loading=\"lazy\" loading=\"lazy\" decoding=\"async\" src=\"https:\/\/neutrale.al\/wp-content\/uploads\/2022\/10\/5DC146CC-C7DC-4035-A428-145C89E34B09-240x300.jpeg\" alt=\"\" width=\"240\" height=\"300\" class=\"alignnone size-medium wp-image-24923\" srcset=\"https:\/\/neutrale.al\/wp-content\/uploads\/2022\/10\/5DC146CC-C7DC-4035-A428-145C89E34B09-240x300.jpeg 240w, https:\/\/neutrale.al\/wp-content\/uploads\/2022\/10\/5DC146CC-C7DC-4035-A428-145C89E34B09.jpeg 400w\" sizes=\"auto, (max-width: 240px) 100vw, 240px\" \/><\/p>\n<p><img loading=\"lazy\" loading=\"lazy\" decoding=\"async\" src=\"https:\/\/neutrale.al\/wp-content\/uploads\/2022\/10\/B8968305-4FEF-4096-ADDE-ECA47914DACF-300x195.jpeg\" alt=\"\" width=\"300\" height=\"195\" class=\"alignnone size-medium wp-image-24924\" srcset=\"https:\/\/neutrale.al\/wp-content\/uploads\/2022\/10\/B8968305-4FEF-4096-ADDE-ECA47914DACF-300x195.jpeg 300w, https:\/\/neutrale.al\/wp-content\/uploads\/2022\/10\/B8968305-4FEF-4096-ADDE-ECA47914DACF-768x499.jpeg 768w, https:\/\/neutrale.al\/wp-content\/uploads\/2022\/10\/B8968305-4FEF-4096-ADDE-ECA47914DACF.jpeg 770w\" sizes=\"auto, (max-width: 300px) 100vw, 300px\" \/><\/p>\n<p><img loading=\"lazy\" loading=\"lazy\" decoding=\"async\" src=\"https:\/\/neutrale.al\/wp-content\/uploads\/2022\/10\/3FD79359-1428-4B76-B8F5-EAF793691421-300x300.jpeg\" alt=\"\" width=\"300\" height=\"300\" class=\"alignnone size-medium wp-image-24925\" srcset=\"https:\/\/neutrale.al\/wp-content\/uploads\/2022\/10\/3FD79359-1428-4B76-B8F5-EAF793691421-300x300.jpeg 300w, https:\/\/neutrale.al\/wp-content\/uploads\/2022\/10\/3FD79359-1428-4B76-B8F5-EAF793691421-150x150.jpeg 150w, https:\/\/neutrale.al\/wp-content\/uploads\/2022\/10\/3FD79359-1428-4B76-B8F5-EAF793691421.jpeg 500w\" sizes=\"auto, (max-width: 300px) 100vw, 300px\" \/><\/p>\n<p><img loading=\"lazy\" loading=\"lazy\" decoding=\"async\" src=\"https:\/\/neutrale.al\/wp-content\/uploads\/2022\/10\/1EA0D7D9-5F7C-4F40-A3F1-316EB1F11C0C-276x300.jpeg\" alt=\"\" width=\"276\" height=\"300\" class=\"alignnone size-medium wp-image-24926\" srcset=\"https:\/\/neutrale.al\/wp-content\/uploads\/2022\/10\/1EA0D7D9-5F7C-4F40-A3F1-316EB1F11C0C-276x300.jpeg 276w, https:\/\/neutrale.al\/wp-content\/uploads\/2022\/10\/1EA0D7D9-5F7C-4F40-A3F1-316EB1F11C0C.jpeg 460w\" sizes=\"auto, (max-width: 276px) 100vw, 276px\" \/><\/p>\n<p><img loading=\"lazy\" loading=\"lazy\" decoding=\"async\" src=\"https:\/\/neutrale.al\/wp-content\/uploads\/2022\/10\/A8CAD9B5-3AB0-4DE4-ABDD-000ED43E3FAF-169x300.jpeg\" alt=\"\" width=\"169\" height=\"300\" class=\"alignnone size-medium wp-image-24927\" srcset=\"https:\/\/neutrale.al\/wp-content\/uploads\/2022\/10\/A8CAD9B5-3AB0-4DE4-ABDD-000ED43E3FAF-169x300.jpeg 169w, https:\/\/neutrale.al\/wp-content\/uploads\/2022\/10\/A8CAD9B5-3AB0-4DE4-ABDD-000ED43E3FAF.jpeg 281w\" sizes=\"auto, (max-width: 169px) 100vw, 169px\" \/><\/p>\n","protected":false},"excerpt":{"rendered":"<p>Aktorja e shum\u00ebnjohur Arjola Demiri ka ndar\u00eb me ndjek\u00ebsit disa fotografi, shkrepur kur ka qen\u00eb n\u00eb mosh\u00ebn 21 vje\u00e7are. Ajo sqaron se fotot jan\u00eb realizuar n\u00eb Turqi dhe thekson gjithashtu se ndihet krenare p\u00ebr vajz\u00ebn q\u00eb ka qen\u00eb. \u201cKan\u00eb kaluar 16 vite nga ky photo shooting n\u00eb Turqi. Vet\u00ebm familjar\u00ebt dhe disa prej miqve t\u00eb [&hellip;]<\/p>\n","protected":false},"author":2,"featured_media":24928,"comment_status":"open","ping_status":"open","sticky":false,"template":"","format":"standard","meta":{"footnotes":""},"categories":[122],"tags":[],"class_list":{"0":"post-24920","1":"post","2":"type-post","3":"status-publish","4":"format-standard","5":"has-post-thumbnail","7":"category-showbizz"},"_links":{"self":[{"href":"https:\/\/neutrale.al\/index.php\/wp-json\/wp\/v2\/posts\/24920","targetHints":{"allow":["GET"]}}],"collection":[{"href":"https:\/\/neutrale.al\/index.php\/wp-json\/wp\/v2\/posts"}],"about":[{"href":"https:\/\/neutrale.al\/index.php\/wp-json\/wp\/v2\/types\/post"}],"author":[{"embeddable":true,"href":"https:\/\/neutrale.al\/index.php\/wp-json\/wp\/v2\/users\/2"}],"replies":[{"embeddable":true,"href":"https:\/\/neutrale.al\/index.php\/wp-json\/wp\/v2\/comments?post=24920"}],"version-history":[{"count":1,"href":"https:\/\/neutrale.al\/index.php\/wp-json\/wp\/v2\/posts\/24920\/revisions"}],"predecessor-version":[{"id":24929,"href":"https:\/\/neutrale.al\/index.php\/wp-json\/wp\/v2\/posts\/24920\/revisions\/24929"}],"wp:featuredmedia":[{"embeddable":true,"href":"https:\/\/neutrale.al\/index.php\/wp-json\/wp\/v2\/media\/24928"}],"wp:attachment":[{"href":"https:\/\/neutrale.al\/index.php\/wp-json\/wp\/v2\/media?parent=24920"}],"wp:term":[{"taxonomy":"category","embeddable":true,"href":"https:\/\/neutrale.al\/index.php\/wp-json\/wp\/v2\/categories?post=24920"},{"taxonomy":"post_tag","embeddable":true,"href":"https:\/\/neutrale.al\/index.php\/wp-json\/wp\/v2\/tags?post=24920"}],"curies":[{"name":"wp","href":"https:\/\/api.w.org\/{rel}","templated":true}]}}