{"id":24912,"date":"2022-10-24T10:06:36","date_gmt":"2022-10-24T10:06:36","guid":{"rendered":"https:\/\/neutrale.al\/?p=24912"},"modified":"2022-10-24T10:06:36","modified_gmt":"2022-10-24T10:06:36","slug":"deklarate-e-perbashket-mbi-ukrainen-nga-qeverite-e-shteteve-te-bashkuara-te-amerikes-frances-dhe-mbreterise-se-bashkuar","status":"publish","type":"post","link":"https:\/\/neutrale.al\/index.php\/2022\/10\/24\/deklarate-e-perbashket-mbi-ukrainen-nga-qeverite-e-shteteve-te-bashkuara-te-amerikes-frances-dhe-mbreterise-se-bashkuar\/","title":{"rendered":"Deklarat\u00eb e p\u00ebrbashk\u00ebt mbi Ukrain\u00ebn nga qeverit\u00eb e Shteteve t\u00eb Bashkuara t\u00eb Amerik\u00ebs, Franc\u00ebs dhe Mbret\u00ebris\u00eb s\u00eb Bashkuar."},"content":{"rendered":"<p>Njoftimin e b\u00ebn Ambasada e SHBA n\u00eb Tiran\u00eb, e cila p\u00ebrcjell\u00eb edhe linkun q\u00eb pasqyron q\u00ebndrimin e tre qeverive.<\/p>\n<p>Sh\u00ebnimi i Ambasad\u00ebs USA n\u00eb Tiran\u00eb:<\/p>\n<p>\ud83c\udde6\ud83c\uddf1\ufe0f | Deklarat\u00eb e p\u00ebrbashk\u00ebt mbi Ukrain\u00ebn nga qeverit\u00eb e Shteteve t\u00eb Bashkuara t\u00eb Amerik\u00ebs, Franc\u00ebs dhe Mbret\u00ebris\u00eb s\u00eb Bashkuar. <\/p>\n<p>\ud83c\uddfa\ud83c\uddf8\ufe0f | Joint Statement on Ukraine released by the Governments of the United States of America, France, and the United Kingdom.<\/p>\n<p><img loading=\"lazy\" loading=\"lazy\" decoding=\"async\" src=\"https:\/\/neutrale.al\/wp-content\/uploads\/2022\/10\/22A8FC43-2B11-4669-9BF0-2C3ED3B5D9EA-300x223.jpeg\" alt=\"\" width=\"300\" height=\"223\" class=\"alignnone size-medium wp-image-24913\" srcset=\"https:\/\/neutrale.al\/wp-content\/uploads\/2022\/10\/22A8FC43-2B11-4669-9BF0-2C3ED3B5D9EA-300x223.jpeg 300w, https:\/\/neutrale.al\/wp-content\/uploads\/2022\/10\/22A8FC43-2B11-4669-9BF0-2C3ED3B5D9EA-1024x762.jpeg 1024w, https:\/\/neutrale.al\/wp-content\/uploads\/2022\/10\/22A8FC43-2B11-4669-9BF0-2C3ED3B5D9EA-768x572.jpeg 768w, https:\/\/neutrale.al\/wp-content\/uploads\/2022\/10\/22A8FC43-2B11-4669-9BF0-2C3ED3B5D9EA-860x640.jpeg 860w, https:\/\/neutrale.al\/wp-content\/uploads\/2022\/10\/22A8FC43-2B11-4669-9BF0-2C3ED3B5D9EA.jpeg 1080w\" sizes=\"auto, (max-width: 300px) 100vw, 300px\" \/><\/p>\n","protected":false},"excerpt":{"rendered":"<p>Njoftimin e b\u00ebn Ambasada e SHBA n\u00eb Tiran\u00eb, e cila p\u00ebrcjell\u00eb edhe linkun q\u00eb pasqyron q\u00ebndrimin e tre qeverive. Sh\u00ebnimi i Ambasad\u00ebs USA n\u00eb Tiran\u00eb: \ud83c\udde6\ud83c\uddf1\ufe0f | Deklarat\u00eb e p\u00ebrbashk\u00ebt mbi Ukrain\u00ebn nga qeverit\u00eb e Shteteve t\u00eb Bashkuara t\u00eb Amerik\u00ebs, Franc\u00ebs dhe Mbret\u00ebris\u00eb s\u00eb Bashkuar. \ud83c\uddfa\ud83c\uddf8\ufe0f | Joint Statement on Ukraine released by the Governments [&hellip;]<\/p>\n","protected":false},"author":2,"featured_media":24914,"comment_status":"open","ping_status":"open","sticky":false,"template":"","format":"standard","meta":{"footnotes":""},"categories":[118],"tags":[],"class_list":{"0":"post-24912","1":"post","2":"type-post","3":"status-publish","4":"format-standard","5":"has-post-thumbnail","7":"category-kryesore"},"_links":{"self":[{"href":"https:\/\/neutrale.al\/index.php\/wp-json\/wp\/v2\/posts\/24912","targetHints":{"allow":["GET"]}}],"collection":[{"href":"https:\/\/neutrale.al\/index.php\/wp-json\/wp\/v2\/posts"}],"about":[{"href":"https:\/\/neutrale.al\/index.php\/wp-json\/wp\/v2\/types\/post"}],"author":[{"embeddable":true,"href":"https:\/\/neutrale.al\/index.php\/wp-json\/wp\/v2\/users\/2"}],"replies":[{"embeddable":true,"href":"https:\/\/neutrale.al\/index.php\/wp-json\/wp\/v2\/comments?post=24912"}],"version-history":[{"count":1,"href":"https:\/\/neutrale.al\/index.php\/wp-json\/wp\/v2\/posts\/24912\/revisions"}],"predecessor-version":[{"id":24915,"href":"https:\/\/neutrale.al\/index.php\/wp-json\/wp\/v2\/posts\/24912\/revisions\/24915"}],"wp:featuredmedia":[{"embeddable":true,"href":"https:\/\/neutrale.al\/index.php\/wp-json\/wp\/v2\/media\/24914"}],"wp:attachment":[{"href":"https:\/\/neutrale.al\/index.php\/wp-json\/wp\/v2\/media?parent=24912"}],"wp:term":[{"taxonomy":"category","embeddable":true,"href":"https:\/\/neutrale.al\/index.php\/wp-json\/wp\/v2\/categories?post=24912"},{"taxonomy":"post_tag","embeddable":true,"href":"https:\/\/neutrale.al\/index.php\/wp-json\/wp\/v2\/tags?post=24912"}],"curies":[{"name":"wp","href":"https:\/\/api.w.org\/{rel}","templated":true}]}}