{"id":24907,"date":"2022-10-24T09:01:57","date_gmt":"2022-10-24T09:01:57","guid":{"rendered":"https:\/\/neutrale.al\/?p=24907"},"modified":"2022-10-24T09:01:57","modified_gmt":"2022-10-24T09:01:57","slug":"tritan-shehu-bashkepunimi-be-ballkani-perendimor-fatmiresisht-po-varros-ballkanin-e-hapur","status":"publish","type":"post","link":"https:\/\/neutrale.al\/index.php\/2022\/10\/24\/tritan-shehu-bashkepunimi-be-ballkani-perendimor-fatmiresisht-po-varros-ballkanin-e-hapur\/","title":{"rendered":"Tritan Shehu\/Bashk\u00ebpunimi BE-Ballkani Per\u00ebndimor fatmir\u00ebsisht po \u201cvarros\u201d Ballkanin e hapur."},"content":{"rendered":"<p>Eshte per tu pershendetur Samiti BE-Ballkani Perendimor, qe do te mbahet me 6 Dhjetor ne Tirane.<br \/>\nMbas dakordesise se vendeve ne takimin para rendes nen drejtimin e Brukselit, ne zhvillim te Procesit te Berlin, per njohjen e diplomave, levizjet pa viza, etj midis 6 vendeve tona, takimi i Dhjetorit do te jete nje hap tjeter perpara ne rrugen e bashkepunimit Rajonal.<br \/>\nVetem projektet e BE me Brukselin ne \u201ckrye te tavolines\u201d mund te mbledhin te gjitha vendet tona si te barabarte midis te barabarteve.<br \/>\nPer te forcuar keshtu bashkepunimin e vertete Rajonal dhe implementimin e standarteve te BE midis nesh, te domosdoshme keto per integrimin europian.<br \/>\nNdersa \u201cBallkani i hapur\u201d si nje nisme e Vucic per te vendosur hegjemonine serbe ne Rajon, eshte vecse nje projekt perjashtues e percares.<br \/>\nEshte nje projekt, qe shikon e kerkon te na drejtoje nga Lindja e jo nga Perendimi.<br \/>\nEshte nje projekt, qe kerkon te sfumoje edhe pavaresine e Kosoves.<br \/>\nFundi tashme i paralajmeruar i tij, perben nje zhvillim pozitiv per bashkepunimin real, stabilitetin, demokracine e europianizimin e Rajonit.<br \/>\nRajonit tone i duhen e mund te funksionojne projektet e BE, te cilat sigurojne bashkepunimin midis nesh, si dhe perputhen me aspiraten tone europiane.<\/p>\n<p><img loading=\"lazy\" loading=\"lazy\" decoding=\"async\" src=\"https:\/\/neutrale.al\/wp-content\/uploads\/2022\/10\/9829BA19-7861-40DB-AB38-C107E0D9FC42-300x135.jpeg\" alt=\"\" width=\"300\" height=\"135\" class=\"alignnone size-medium wp-image-24908\" srcset=\"https:\/\/neutrale.al\/wp-content\/uploads\/2022\/10\/9829BA19-7861-40DB-AB38-C107E0D9FC42-300x135.jpeg 300w, https:\/\/neutrale.al\/wp-content\/uploads\/2022\/10\/9829BA19-7861-40DB-AB38-C107E0D9FC42-1024x459.jpeg 1024w, https:\/\/neutrale.al\/wp-content\/uploads\/2022\/10\/9829BA19-7861-40DB-AB38-C107E0D9FC42-768x344.jpeg 768w, https:\/\/neutrale.al\/wp-content\/uploads\/2022\/10\/9829BA19-7861-40DB-AB38-C107E0D9FC42-860x386.jpeg 860w, https:\/\/neutrale.al\/wp-content\/uploads\/2022\/10\/9829BA19-7861-40DB-AB38-C107E0D9FC42.jpeg 1075w\" sizes=\"auto, (max-width: 300px) 100vw, 300px\" \/><\/p>\n","protected":false},"excerpt":{"rendered":"<p>Eshte per tu pershendetur Samiti BE-Ballkani Perendimor, qe do te mbahet me 6 Dhjetor ne Tirane. Mbas dakordesise se vendeve ne takimin para rendes nen drejtimin e Brukselit, ne zhvillim te Procesit te Berlin, per njohjen e diplomave, levizjet pa viza, etj midis 6 vendeve tona, takimi i Dhjetorit do te jete nje hap tjeter [&hellip;]<\/p>\n","protected":false},"author":2,"featured_media":24909,"comment_status":"open","ping_status":"open","sticky":false,"template":"","format":"standard","meta":{"footnotes":""},"categories":[2],"tags":[],"class_list":{"0":"post-24907","1":"post","2":"type-post","3":"status-publish","4":"format-standard","5":"has-post-thumbnail","7":"category-opinione"},"_links":{"self":[{"href":"https:\/\/neutrale.al\/index.php\/wp-json\/wp\/v2\/posts\/24907","targetHints":{"allow":["GET"]}}],"collection":[{"href":"https:\/\/neutrale.al\/index.php\/wp-json\/wp\/v2\/posts"}],"about":[{"href":"https:\/\/neutrale.al\/index.php\/wp-json\/wp\/v2\/types\/post"}],"author":[{"embeddable":true,"href":"https:\/\/neutrale.al\/index.php\/wp-json\/wp\/v2\/users\/2"}],"replies":[{"embeddable":true,"href":"https:\/\/neutrale.al\/index.php\/wp-json\/wp\/v2\/comments?post=24907"}],"version-history":[{"count":1,"href":"https:\/\/neutrale.al\/index.php\/wp-json\/wp\/v2\/posts\/24907\/revisions"}],"predecessor-version":[{"id":24910,"href":"https:\/\/neutrale.al\/index.php\/wp-json\/wp\/v2\/posts\/24907\/revisions\/24910"}],"wp:featuredmedia":[{"embeddable":true,"href":"https:\/\/neutrale.al\/index.php\/wp-json\/wp\/v2\/media\/24909"}],"wp:attachment":[{"href":"https:\/\/neutrale.al\/index.php\/wp-json\/wp\/v2\/media?parent=24907"}],"wp:term":[{"taxonomy":"category","embeddable":true,"href":"https:\/\/neutrale.al\/index.php\/wp-json\/wp\/v2\/categories?post=24907"},{"taxonomy":"post_tag","embeddable":true,"href":"https:\/\/neutrale.al\/index.php\/wp-json\/wp\/v2\/tags?post=24907"}],"curies":[{"name":"wp","href":"https:\/\/api.w.org\/{rel}","templated":true}]}}