{"id":24904,"date":"2022-10-24T08:59:49","date_gmt":"2022-10-24T08:59:49","guid":{"rendered":"https:\/\/neutrale.al\/?p=24904"},"modified":"2022-10-24T08:59:49","modified_gmt":"2022-10-24T08:59:49","slug":"dita-nderkombetare-e-okb-xhacka-shqiperia-e-perkushtuar-ndaj-rendit-e-vlerave","status":"publish","type":"post","link":"https:\/\/neutrale.al\/index.php\/2022\/10\/24\/dita-nderkombetare-e-okb-xhacka-shqiperia-e-perkushtuar-ndaj-rendit-e-vlerave\/","title":{"rendered":"Dita nd\u00ebrkomb\u00ebtare e OKB\/Xha\u00e7ka: Shqip\u00ebria e p\u00ebrkushtuar ndaj rendit e vlerave."},"content":{"rendered":"<p>Sot \u00ebsht\u00eb dita nd\u00ebrkomb\u00ebtare e Kombeve t\u00eb Bashkuara dhe me k\u00ebt\u00eb rast, ministrja e jashtme e Shqip\u00ebris\u00eb Olta Xha\u00e7ka, ka shp\u00ebrndar\u00eb nj\u00eb videomesazh n\u00eb rrjetet sociale.<\/p>\n<p>Ajo shprehet:<\/p>\n<p>\ud83d\uddd3 Sot dita nd\u00ebrkomb\u00ebtare e Kombeve t\u00eb Bashkuara \ud83c\uddfa\ud83c\uddf3! <\/p>\n<p>\ud83d\udc49 M\u00eb shum\u00eb se kurr\u00eb sot bot\u00ebs i kujtohet r\u00ebnd\u00ebsia e k\u00ebsaj organizate unike dhe kontributi i saj i jasht\u00ebzakonsh\u00ebm n\u00eb ruajtjen e paqes dhe siguris\u00eb. <\/p>\n<p>\ud83e\udd85 Shqip\u00ebria \ud83c\udde6\ud83c\uddf1 \u00ebsht\u00eb e p\u00ebrkushtuar ndaj vlerave t\u00eb multilateralizmit dhe rendit bot\u00ebror t\u00eb bazuar n\u00eb rregulla dhe do t\u00eb punoj\u00eb \ud83e\udd1d me t\u00eb gjith\u00eb aleat\u00ebt dhe partner\u00ebt p\u00ebr t\u00eb kontribuar p\u00ebr nj\u00eb OKB m\u00eb t\u00eb fort\u00eb dhe m\u00eb efektive. \ud83c\udde6\ud83c\uddf1\ud83c\uddfa\ud83c\uddf3<\/p>\n<p>#UNday<br \/>\n#Albania2UNSC \ud83c\udde6\ud83c\uddf1\ud83c\uddfa\ud83c\uddf3<\/p>\n","protected":false},"excerpt":{"rendered":"<p>Sot \u00ebsht\u00eb dita nd\u00ebrkomb\u00ebtare e Kombeve t\u00eb Bashkuara dhe me k\u00ebt\u00eb rast, ministrja e jashtme e Shqip\u00ebris\u00eb Olta Xha\u00e7ka, ka shp\u00ebrndar\u00eb nj\u00eb videomesazh n\u00eb rrjetet sociale. Ajo shprehet: \ud83d\uddd3 Sot dita nd\u00ebrkomb\u00ebtare e Kombeve t\u00eb Bashkuara \ud83c\uddfa\ud83c\uddf3! \ud83d\udc49 M\u00eb shum\u00eb se kurr\u00eb sot bot\u00ebs i kujtohet r\u00ebnd\u00ebsia e k\u00ebsaj organizate unike dhe kontributi i saj [&hellip;]<\/p>\n","protected":false},"author":2,"featured_media":24905,"comment_status":"open","ping_status":"open","sticky":false,"template":"","format":"standard","meta":{"footnotes":""},"categories":[118],"tags":[],"class_list":{"0":"post-24904","1":"post","2":"type-post","3":"status-publish","4":"format-standard","5":"has-post-thumbnail","7":"category-kryesore"},"_links":{"self":[{"href":"https:\/\/neutrale.al\/index.php\/wp-json\/wp\/v2\/posts\/24904","targetHints":{"allow":["GET"]}}],"collection":[{"href":"https:\/\/neutrale.al\/index.php\/wp-json\/wp\/v2\/posts"}],"about":[{"href":"https:\/\/neutrale.al\/index.php\/wp-json\/wp\/v2\/types\/post"}],"author":[{"embeddable":true,"href":"https:\/\/neutrale.al\/index.php\/wp-json\/wp\/v2\/users\/2"}],"replies":[{"embeddable":true,"href":"https:\/\/neutrale.al\/index.php\/wp-json\/wp\/v2\/comments?post=24904"}],"version-history":[{"count":1,"href":"https:\/\/neutrale.al\/index.php\/wp-json\/wp\/v2\/posts\/24904\/revisions"}],"predecessor-version":[{"id":24906,"href":"https:\/\/neutrale.al\/index.php\/wp-json\/wp\/v2\/posts\/24904\/revisions\/24906"}],"wp:featuredmedia":[{"embeddable":true,"href":"https:\/\/neutrale.al\/index.php\/wp-json\/wp\/v2\/media\/24905"}],"wp:attachment":[{"href":"https:\/\/neutrale.al\/index.php\/wp-json\/wp\/v2\/media?parent=24904"}],"wp:term":[{"taxonomy":"category","embeddable":true,"href":"https:\/\/neutrale.al\/index.php\/wp-json\/wp\/v2\/categories?post=24904"},{"taxonomy":"post_tag","embeddable":true,"href":"https:\/\/neutrale.al\/index.php\/wp-json\/wp\/v2\/tags?post=24904"}],"curies":[{"name":"wp","href":"https:\/\/api.w.org\/{rel}","templated":true}]}}