{"id":24892,"date":"2022-10-24T08:34:54","date_gmt":"2022-10-24T08:34:54","guid":{"rendered":"https:\/\/neutrale.al\/?p=24892"},"modified":"2022-10-24T08:34:54","modified_gmt":"2022-10-24T08:34:54","slug":"rishi-sunak-hyn-ne-gare-per-postin-e-kryeministrit-britanik","status":"publish","type":"post","link":"https:\/\/neutrale.al\/index.php\/2022\/10\/24\/rishi-sunak-hyn-ne-gare-per-postin-e-kryeministrit-britanik\/","title":{"rendered":"Rishi Sunak hyn n\u00eb gar\u00eb p\u00ebr postin e kryeministrit britanik"},"content":{"rendered":"<p>Ky \u00ebsht\u00eb kandidimi i dyt\u00eb i ish-ministrit t\u00eb Financave p\u00ebr kryeminist\u00ebr brenda pak muajsh. Ish-shefi i tij Boris Johnson nuk do t\u00eb kandidoj\u00eb dhe deklaroi mb\u00ebshtetjen p\u00ebr at\u00eb q\u00eb do t\u00eb jet\u00eb kryeminist\u00ebr i ardhsh\u00ebm.<\/p>\n<p>Ish-ministri i financave i Britanis\u00eb, Rishi Sunak, shpalli t\u00eb diel\u00ebn kandidatur\u00ebn e tij p\u00ebr t\u00eb z\u00ebvend\u00ebsuar Liz Truss-in si kryeminist\u00ebr.<\/p>\n<p>&#8220;Mbret\u00ebria e Bashkuar \u00ebsht\u00eb nj\u00eb vend i mrekulluesh\u00ebm, por ne po p\u00ebrballemi me nj\u00eb kriz\u00eb t\u00eb thell\u00eb ekonomike\u201d, shkroi ai n\u00eb Twitter.<\/p>\n<p>&#8220;Kjo \u00ebsht\u00eb arsyeja pse un\u00eb kandidoj p\u00ebr t\u00eb qen\u00eb kreu i Partis\u00eb Konservatore dhe kryeministri juaj i ardhsh\u00ebm\u201d. Kjo \u00ebsht\u00eb oferta e dyt\u00eb e 42-vje\u00e7arit p\u00ebr kryeminist\u00ebr brenda pak muajsh. Sunak u mund nga Trussi n\u00eb nj\u00eb votim p\u00ebr udh\u00ebheqjen e partis\u00eb n\u00eb shtator, pas r\u00ebnies s\u00eb ish-kryeministrit Boris Johnson.<\/p>\n<p>K\u00ebt\u00eb her\u00eb, Sunaku duket se ka m\u00eb shum\u00eb mb\u00ebshtetje partiake sesa rivalja e tij &#8211; ish-ministrja e mbrojtjes Penny Mordaunt.\u00a0Mordaunt deklaroi kandidatur\u00ebn e saj t\u00eb premten.\u00a0<\/p>\n<p>Boris Johnson nuk rikthehet<\/p>\n<p>Kurse ish-kryeministri, Boris Johnson\u00a0nuk do t\u00eb kandidoj\u00eb, si\u00e7 flitej m\u00eb par\u00eb. Johnson tha, se e ka mb\u00ebshtetjen e 102 deputet\u00ebve, por q\u00ebndron shum\u00eb pas ish-ministrit t\u00eb Financave, Sunak. &#8220;Besoj se kam shum\u00eb p\u00ebr t\u00eb ofruar, por kam frik\u00eb, se ky nuk \u00ebsht\u00eb momenti i duhur&#8221;, ka th\u00ebn\u00eb Johnson.\u00a0Johnsoni u detyrua t\u00eb largohej nga detyra n\u00eb korrik mes skandalesh, pasi Sunaku dha dor\u00ebheqjen si minist\u00ebr i Financave, duke shkaktuar nj\u00eb val\u00eb dor\u00ebheqjesh.<\/p>\n<p>Gara e lidershipit pason vendimin e kryeministres Truss p\u00ebr t\u00eb dh\u00ebn\u00eb dor\u00ebheqjen t\u00eb enjten pas vet\u00ebm 45 dit\u00ebsh n\u00eb detyr\u00eb. Partia Konservatore po organizon nj\u00eb konkurs t\u00eb p\u00ebrshpejtuar p\u00ebr em\u00ebrimin e kryeministrit t\u00eb ri brenda nj\u00eb jave.<\/p>\n<p>Sipas rregullave, maksimumi tre kandidat\u00eb mund t\u00eb kualifikohen pas nj\u00eb votimi mes ligjv\u00ebn\u00ebsve t\u00eb h\u00ebn\u00ebn. Po t\u00eb jet\u00eb e nevojshme 172.000 an\u00ebtar\u00ebt e partis\u00eb m\u00eb pas do t\u00eb vendosin midis dy fituesve n\u00eb nj\u00eb votim online t\u00eb premten.<\/p>\n<p>Kandidat\u00ebt duhet t\u00eb marrin 100 em\u00ebrime nga ligjv\u00ebn\u00ebsit konservator\u00eb p\u00ebr t&#8217;u kualifikuar. Sipas t\u00eb dh\u00ebnave jozyrtare nga Sky News dhe BBC, Sunaku ka mb\u00ebshtetjen e m\u00eb shum\u00eb se 120 njer\u00ebzve.<\/p>\n<p>&#8220;Do t\u00eb ket\u00eb integritet, profesionaliz\u00ebm dhe llogaridh\u00ebnie n\u00eb t\u00eb gjitha nivelet e qeveris\u00eb q\u00eb do t\u00eb drejtoj dhe do t\u00eb punoj \u00e7do dit\u00eb p\u00ebr t\u00eb kryer pun\u00ebn,&#8221; tha Sunaku n\u00eb nj\u00eb deklarat\u00eb. &#8220;Un\u00eb ju k\u00ebrkoj mund\u00ebsin\u00eb p\u00ebr t\u00eb ndihmuar n\u00eb zgjidhjen e problemeve tona.&#8221;<\/p>\n<p>Suella Braverman, ministrja e Brendshme e Liz Truss-it dhe ish-pretendente p\u00ebr udh\u00ebheqje, u b\u00eb emri i fundit i profilit t\u00eb lart\u00eb q\u00eb deklaroi mb\u00ebshtetjen e saj p\u00ebr Sunakun\u00a0t\u00eb diel\u00ebn.<\/p>\n<p>&#8220;N\u00ebse duam t&#8217;i sh\u00ebrbejm\u00eb popullit britanik me sukses, Partia Konservatore ka nevoj\u00eb p\u00ebr unitet, stabilitet dhe aft\u00ebsi p\u00ebr t\u00eb zgjidhur sfidat me t\u00eb cilat p\u00ebrballemi,&#8221; shkroi Braverman n\u00eb nj\u00eb artikull n\u00eb Daily Telegraph duke deklaruar pozicionin e saj. &#8220;Kjo \u00ebsht\u00eb arsyeja pse un\u00eb jam krenare q\u00eb mb\u00ebshtes Rishi Sunakun p\u00ebr t&#8217;u b\u00ebr\u00eb udh\u00ebheq\u00ebsi dhe kryeministri yn\u00eb.&#8221;<\/p>\n<p>Bravermani u bashkohet disa an\u00ebtar\u00ebve t\u00eb tjer\u00eb t\u00eb shquar t\u00eb krahut t\u00eb djatht\u00eb t\u00eb partis\u00eb dhe ose t\u00eb krahut t\u00eb fort\u00eb t\u00eb Brexit-it, t\u00eb cil\u00ebt tani mb\u00ebshtesin Sunakun, si ish-negociatori i Brexit-it, David Frost dhe ish-shefi i Grupit K\u00ebrkimor Evropian, Steve Baker, t\u00eb cil\u00ebt dikur ishin aleat\u00eb t\u00eb Johnson-it.<\/p>\n<p>Rreth 24 ligjv\u00ebn\u00ebs kan\u00eb premtuar publikisht mb\u00ebshtetjen e tyre p\u00ebr Mordaunt, kurse p\u00ebr Johnsoni flitej se kishte mb\u00ebshtetjen e rreth 50 personave. 357 ligjv\u00ebn\u00ebs konservator\u00eb t\u00eb Britanis\u00eb nuk kan\u00eb th\u00ebn\u00eb ende se k\u00eb do t\u00eb mb\u00ebshtesin.\u00a0Nd\u00ebrkoh\u00eb, opozita kryesore laburiste b\u00ebn thirrje p\u00ebr zgjedhje t\u00eb p\u00ebrgjithshme. &#8220;Vendi duhet t\u00eb heq\u00eb qafe k\u00ebt\u00eb kaos,&#8221; tha lideri laburist Keir Starmer p\u00ebr BBC.<br \/>\naud\/nm, msh\/aw (AFP, AP, Reuters) DW<\/p>\n<p><img loading=\"lazy\" loading=\"lazy\" decoding=\"async\" src=\"https:\/\/neutrale.al\/wp-content\/uploads\/2022\/10\/30939DEA-1FDC-437D-9BDD-79A0498264ED-300x166.jpeg\" alt=\"\" width=\"300\" height=\"166\" class=\"alignnone size-medium wp-image-24893\" srcset=\"https:\/\/neutrale.al\/wp-content\/uploads\/2022\/10\/30939DEA-1FDC-437D-9BDD-79A0498264ED-300x166.jpeg 300w, https:\/\/neutrale.al\/wp-content\/uploads\/2022\/10\/30939DEA-1FDC-437D-9BDD-79A0498264ED-1024x567.jpeg 1024w, https:\/\/neutrale.al\/wp-content\/uploads\/2022\/10\/30939DEA-1FDC-437D-9BDD-79A0498264ED-768x425.jpeg 768w, https:\/\/neutrale.al\/wp-content\/uploads\/2022\/10\/30939DEA-1FDC-437D-9BDD-79A0498264ED-860x476.jpeg 860w, https:\/\/neutrale.al\/wp-content\/uploads\/2022\/10\/30939DEA-1FDC-437D-9BDD-79A0498264ED.jpeg 1068w\" sizes=\"auto, (max-width: 300px) 100vw, 300px\" \/><\/p>\n<p><img loading=\"lazy\" loading=\"lazy\" decoding=\"async\" src=\"https:\/\/neutrale.al\/wp-content\/uploads\/2022\/10\/C7AECB71-B9AE-497F-A942-DAEC9796858E-300x167.jpeg\" alt=\"\" width=\"300\" height=\"167\" class=\"alignnone size-medium wp-image-24894\" srcset=\"https:\/\/neutrale.al\/wp-content\/uploads\/2022\/10\/C7AECB71-B9AE-497F-A942-DAEC9796858E-300x167.jpeg 300w, https:\/\/neutrale.al\/wp-content\/uploads\/2022\/10\/C7AECB71-B9AE-497F-A942-DAEC9796858E-1024x570.jpeg 1024w, https:\/\/neutrale.al\/wp-content\/uploads\/2022\/10\/C7AECB71-B9AE-497F-A942-DAEC9796858E-768x427.jpeg 768w, https:\/\/neutrale.al\/wp-content\/uploads\/2022\/10\/C7AECB71-B9AE-497F-A942-DAEC9796858E-860x479.jpeg 860w, https:\/\/neutrale.al\/wp-content\/uploads\/2022\/10\/C7AECB71-B9AE-497F-A942-DAEC9796858E.jpeg 1078w\" sizes=\"auto, (max-width: 300px) 100vw, 300px\" \/><\/p>\n<p><img loading=\"lazy\" loading=\"lazy\" decoding=\"async\" src=\"https:\/\/neutrale.al\/wp-content\/uploads\/2022\/10\/9518BA9F-D495-446F-8261-D7CF3BBBAEDD-300x129.jpeg\" alt=\"\" width=\"300\" height=\"129\" class=\"alignnone size-medium wp-image-24895\" srcset=\"https:\/\/neutrale.al\/wp-content\/uploads\/2022\/10\/9518BA9F-D495-446F-8261-D7CF3BBBAEDD-300x129.jpeg 300w, https:\/\/neutrale.al\/wp-content\/uploads\/2022\/10\/9518BA9F-D495-446F-8261-D7CF3BBBAEDD-1024x439.jpeg 1024w, https:\/\/neutrale.al\/wp-content\/uploads\/2022\/10\/9518BA9F-D495-446F-8261-D7CF3BBBAEDD-768x329.jpeg 768w, https:\/\/neutrale.al\/wp-content\/uploads\/2022\/10\/9518BA9F-D495-446F-8261-D7CF3BBBAEDD-860x369.jpeg 860w, https:\/\/neutrale.al\/wp-content\/uploads\/2022\/10\/9518BA9F-D495-446F-8261-D7CF3BBBAEDD.jpeg 1080w\" sizes=\"auto, (max-width: 300px) 100vw, 300px\" \/><\/p>\n","protected":false},"excerpt":{"rendered":"<p>Ky \u00ebsht\u00eb kandidimi i dyt\u00eb i ish-ministrit t\u00eb Financave p\u00ebr kryeminist\u00ebr brenda pak muajsh. Ish-shefi i tij Boris Johnson nuk do t\u00eb kandidoj\u00eb dhe deklaroi mb\u00ebshtetjen p\u00ebr at\u00eb q\u00eb do t\u00eb jet\u00eb kryeminist\u00ebr i ardhsh\u00ebm. Ish-ministri i financave i Britanis\u00eb, Rishi Sunak, shpalli t\u00eb diel\u00ebn kandidatur\u00ebn e tij p\u00ebr t\u00eb z\u00ebvend\u00ebsuar Liz Truss-in si kryeminist\u00ebr. [&hellip;]<\/p>\n","protected":false},"author":2,"featured_media":24896,"comment_status":"open","ping_status":"open","sticky":false,"template":"","format":"standard","meta":{"footnotes":""},"categories":[12,118],"tags":[],"class_list":{"0":"post-24892","1":"post","2":"type-post","3":"status-publish","4":"format-standard","5":"has-post-thumbnail","7":"category-bota","8":"category-kryesore"},"_links":{"self":[{"href":"https:\/\/neutrale.al\/index.php\/wp-json\/wp\/v2\/posts\/24892","targetHints":{"allow":["GET"]}}],"collection":[{"href":"https:\/\/neutrale.al\/index.php\/wp-json\/wp\/v2\/posts"}],"about":[{"href":"https:\/\/neutrale.al\/index.php\/wp-json\/wp\/v2\/types\/post"}],"author":[{"embeddable":true,"href":"https:\/\/neutrale.al\/index.php\/wp-json\/wp\/v2\/users\/2"}],"replies":[{"embeddable":true,"href":"https:\/\/neutrale.al\/index.php\/wp-json\/wp\/v2\/comments?post=24892"}],"version-history":[{"count":1,"href":"https:\/\/neutrale.al\/index.php\/wp-json\/wp\/v2\/posts\/24892\/revisions"}],"predecessor-version":[{"id":24897,"href":"https:\/\/neutrale.al\/index.php\/wp-json\/wp\/v2\/posts\/24892\/revisions\/24897"}],"wp:featuredmedia":[{"embeddable":true,"href":"https:\/\/neutrale.al\/index.php\/wp-json\/wp\/v2\/media\/24896"}],"wp:attachment":[{"href":"https:\/\/neutrale.al\/index.php\/wp-json\/wp\/v2\/media?parent=24892"}],"wp:term":[{"taxonomy":"category","embeddable":true,"href":"https:\/\/neutrale.al\/index.php\/wp-json\/wp\/v2\/categories?post=24892"},{"taxonomy":"post_tag","embeddable":true,"href":"https:\/\/neutrale.al\/index.php\/wp-json\/wp\/v2\/tags?post=24892"}],"curies":[{"name":"wp","href":"https:\/\/api.w.org\/{rel}","templated":true}]}}