{"id":24872,"date":"2022-10-24T08:20:01","date_gmt":"2022-10-24T08:20:01","guid":{"rendered":"https:\/\/neutrale.al\/?p=24872"},"modified":"2022-10-24T08:20:01","modified_gmt":"2022-10-24T08:20:01","slug":"moti-sot-meteorologia-pranvere-ne-vjeshte","status":"publish","type":"post","link":"https:\/\/neutrale.al\/index.php\/2022\/10\/24\/moti-sot-meteorologia-pranvere-ne-vjeshte\/","title":{"rendered":"Moti sot\/ Meteorologia: &#8220;Pranver\u00eb n\u00eb vjesht\u00eb&#8221;"},"content":{"rendered":"<p>\u201cNj\u00eb pranver\u00eb n\u00eb vjesht\u00eb\u201d. Ky ka qen\u00eb p\u00ebrcaktori p\u00ebr motin n\u00eb muajin tetor sipas meterologes Lajda Porja.<\/p>\n<p>N\u00eb emisionin \u201cGood Morning Albanians\u201d n\u00eb Euronews Albania, Porja u shpreh se k\u00ebt\u00eb t\u00eb h\u00ebn\u00eb, temperaturat pritet t\u00eb shkojn\u00eb deri n\u00eb 29 grad\u00eb celcius.<\/p>\n<p>Ajo theksoi se edhe java e fundit e muajit tetor, do t\u00eb karakterzohet nga nj\u00eb mot i q\u00ebndruesh\u00ebm.<\/p>\n<p>\u201cTashm\u00eb do thoja nj\u00eb pranver\u00eb n\u00eb vjesht\u00eb. Kemi par\u00eb q\u00eb temperaturat kan\u00eb qen\u00eb shum\u00eb t\u00eb larta edhe n\u00eb fundjav\u00ebn e shkuar, madje jan\u00eb regjistruar vlera 28-29 grad\u00eb, vlera q\u00eb jan\u00eb af\u00ebrsisht me fillimin e qershorit. Megjithat\u00eb, edhe dita e sotme do jet\u00eb n\u00ebn ndikimin e motit t\u00eb kthjell\u00ebt, intervale t\u00eb gjata me diell.<\/p>\n<p>Sot parashikohet q\u00eb t\u00eb regjistrohet edhe temperatura 28-29 grad\u00eb. Jan\u00eb temperatura shum\u00eb t\u00eb larta, \u00ebsht\u00eb java e fundit e tetorit. Moti do jet\u00eb i q\u00ebndruesh\u00ebm deri n\u00eb fund t\u00eb muajit, parashikohet q\u00eb t\u00eb mos ket\u00eb reshje. Temperaturat e ajrit, duke filluar q\u00eb nga nes\u00ebr dhe deri n\u00eb fundjav\u00eb, do t\u00eb p\u00ebsojn\u00eb nj\u00eb ulje t\u00eb leht\u00eb\u201d, theksoi ajo.<\/p>\n","protected":false},"excerpt":{"rendered":"<p>\u201cNj\u00eb pranver\u00eb n\u00eb vjesht\u00eb\u201d. Ky ka qen\u00eb p\u00ebrcaktori p\u00ebr motin n\u00eb muajin tetor sipas meterologes Lajda Porja. N\u00eb emisionin \u201cGood Morning Albanians\u201d n\u00eb Euronews Albania, Porja u shpreh se k\u00ebt\u00eb t\u00eb h\u00ebn\u00eb, temperaturat pritet t\u00eb shkojn\u00eb deri n\u00eb 29 grad\u00eb celcius. Ajo theksoi se edhe java e fundit e muajit tetor, do t\u00eb karakterzohet nga [&hellip;]<\/p>\n","protected":false},"author":2,"featured_media":24873,"comment_status":"open","ping_status":"open","sticky":false,"template":"","format":"standard","meta":{"footnotes":""},"categories":[1],"tags":[],"class_list":{"0":"post-24872","1":"post","2":"type-post","3":"status-publish","4":"format-standard","5":"has-post-thumbnail","7":"category-te-tjera"},"_links":{"self":[{"href":"https:\/\/neutrale.al\/index.php\/wp-json\/wp\/v2\/posts\/24872","targetHints":{"allow":["GET"]}}],"collection":[{"href":"https:\/\/neutrale.al\/index.php\/wp-json\/wp\/v2\/posts"}],"about":[{"href":"https:\/\/neutrale.al\/index.php\/wp-json\/wp\/v2\/types\/post"}],"author":[{"embeddable":true,"href":"https:\/\/neutrale.al\/index.php\/wp-json\/wp\/v2\/users\/2"}],"replies":[{"embeddable":true,"href":"https:\/\/neutrale.al\/index.php\/wp-json\/wp\/v2\/comments?post=24872"}],"version-history":[{"count":1,"href":"https:\/\/neutrale.al\/index.php\/wp-json\/wp\/v2\/posts\/24872\/revisions"}],"predecessor-version":[{"id":24874,"href":"https:\/\/neutrale.al\/index.php\/wp-json\/wp\/v2\/posts\/24872\/revisions\/24874"}],"wp:featuredmedia":[{"embeddable":true,"href":"https:\/\/neutrale.al\/index.php\/wp-json\/wp\/v2\/media\/24873"}],"wp:attachment":[{"href":"https:\/\/neutrale.al\/index.php\/wp-json\/wp\/v2\/media?parent=24872"}],"wp:term":[{"taxonomy":"category","embeddable":true,"href":"https:\/\/neutrale.al\/index.php\/wp-json\/wp\/v2\/categories?post=24872"},{"taxonomy":"post_tag","embeddable":true,"href":"https:\/\/neutrale.al\/index.php\/wp-json\/wp\/v2\/tags?post=24872"}],"curies":[{"name":"wp","href":"https:\/\/api.w.org\/{rel}","templated":true}]}}