{"id":24856,"date":"2022-10-23T16:20:25","date_gmt":"2022-10-23T16:20:25","guid":{"rendered":"https:\/\/neutrale.al\/?p=24856"},"modified":"2022-10-23T16:20:25","modified_gmt":"2022-10-23T16:20:25","slug":"vdekja-e-32-vjecarit-ne-polici-nis-protesta-e-qytetareve-para-ministrise-se-brendshme","status":"publish","type":"post","link":"https:\/\/neutrale.al\/index.php\/2022\/10\/23\/vdekja-e-32-vjecarit-ne-polici-nis-protesta-e-qytetareve-para-ministrise-se-brendshme\/","title":{"rendered":"Vdekja e 32-vje\u00e7arit n\u00eb polici\/ Nis protesta e qytetar\u00ebve para Ministris\u00eb s\u00eb Brendshme."},"content":{"rendered":"<p>Sikurse ishte njoftuar n\u00eb rrjetet sociale, n\u00eb or\u00ebn 18 t\u00eb pasdites s\u00eb sotme, qindra qytetar\u00eb jan\u00eb mbledhur para godin\u00ebs s\u00eb Ministris\u00eb s\u00eb Brendshme.<\/p>\n<p>Protesta e sotme p\u00ebrkon me tre dit\u00ebshin, mbasi 32-vje\u00e7ari Lear Kurti nd\u00ebrroi jet\u00eb teksa ishte ndaluar nga efektiv\u00ebt e Komisariatit Nr 3 n\u00eb Tiran\u00eb.<\/p>\n<p>Orator\u00ebt q\u00eb marrin fjal\u00ebn k\u00ebrkojn\u00eb dor\u00ebheqjen e ministrit Bledi \u00c7u\u00e7i dhe hedhin akuza ndaj policis\u00eb duke e stigmatizuar si polici e krimit.<\/p>\n<p>Protesta vazhdon&#8230;<\/p>\n","protected":false},"excerpt":{"rendered":"<p>Sikurse ishte njoftuar n\u00eb rrjetet sociale, n\u00eb or\u00ebn 18 t\u00eb pasdites s\u00eb sotme, qindra qytetar\u00eb jan\u00eb mbledhur para godin\u00ebs s\u00eb Ministris\u00eb s\u00eb Brendshme. Protesta e sotme p\u00ebrkon me tre dit\u00ebshin, mbasi 32-vje\u00e7ari Lear Kurti nd\u00ebrroi jet\u00eb teksa ishte ndaluar nga efektiv\u00ebt e Komisariatit Nr 3 n\u00eb Tiran\u00eb. Orator\u00ebt q\u00eb marrin fjal\u00ebn k\u00ebrkojn\u00eb dor\u00ebheqjen e ministrit [&hellip;]<\/p>\n","protected":false},"author":2,"featured_media":24857,"comment_status":"open","ping_status":"open","sticky":false,"template":"","format":"standard","meta":{"footnotes":""},"categories":[118],"tags":[],"class_list":{"0":"post-24856","1":"post","2":"type-post","3":"status-publish","4":"format-standard","5":"has-post-thumbnail","7":"category-kryesore"},"_links":{"self":[{"href":"https:\/\/neutrale.al\/index.php\/wp-json\/wp\/v2\/posts\/24856","targetHints":{"allow":["GET"]}}],"collection":[{"href":"https:\/\/neutrale.al\/index.php\/wp-json\/wp\/v2\/posts"}],"about":[{"href":"https:\/\/neutrale.al\/index.php\/wp-json\/wp\/v2\/types\/post"}],"author":[{"embeddable":true,"href":"https:\/\/neutrale.al\/index.php\/wp-json\/wp\/v2\/users\/2"}],"replies":[{"embeddable":true,"href":"https:\/\/neutrale.al\/index.php\/wp-json\/wp\/v2\/comments?post=24856"}],"version-history":[{"count":1,"href":"https:\/\/neutrale.al\/index.php\/wp-json\/wp\/v2\/posts\/24856\/revisions"}],"predecessor-version":[{"id":24858,"href":"https:\/\/neutrale.al\/index.php\/wp-json\/wp\/v2\/posts\/24856\/revisions\/24858"}],"wp:featuredmedia":[{"embeddable":true,"href":"https:\/\/neutrale.al\/index.php\/wp-json\/wp\/v2\/media\/24857"}],"wp:attachment":[{"href":"https:\/\/neutrale.al\/index.php\/wp-json\/wp\/v2\/media?parent=24856"}],"wp:term":[{"taxonomy":"category","embeddable":true,"href":"https:\/\/neutrale.al\/index.php\/wp-json\/wp\/v2\/categories?post=24856"},{"taxonomy":"post_tag","embeddable":true,"href":"https:\/\/neutrale.al\/index.php\/wp-json\/wp\/v2\/tags?post=24856"}],"curies":[{"name":"wp","href":"https:\/\/api.w.org\/{rel}","templated":true}]}}