{"id":24825,"date":"2022-10-23T09:47:00","date_gmt":"2022-10-23T09:47:00","guid":{"rendered":"https:\/\/neutrale.al\/?p=24825"},"modified":"2022-10-23T09:47:00","modified_gmt":"2022-10-23T09:47:00","slug":"itali-trento-inaugurohet-memoriali-i-gjergj-kastrioti-skenderbeu","status":"publish","type":"post","link":"https:\/\/neutrale.al\/index.php\/2022\/10\/23\/itali-trento-inaugurohet-memoriali-i-gjergj-kastrioti-skenderbeu\/","title":{"rendered":"ITALI-TRENTO\/  Inaugurohet memoriali i Gjergj Kastrioti Sk\u00ebnderbeu"},"content":{"rendered":"<p>Autoritet lokale t\u00eb Komun\u00ebs s\u00eb Trentos n\u00eb Italin\u00eb e Veriut me nxitjen dhe bashk\u00ebpunimin e Shoqat\u00ebs  &#8220;Teuta&#8221; kan\u00eb organizuar ceremonin\u00eb e inaugurimit t\u00eb memorialit  Gjergj Kastrioti Sk\u00ebnderbeu n\u00eb nj\u00eb nga parqet e qytetit.<\/p>\n<p>Lajmin e b\u00ebn\u00eb me dije aktivistja dhe m\u00ebsuesja Dhurata Tusha, e cila \u00ebsht\u00eb e zgjedhur edhe k\u00ebshilltare n\u00eb nj\u00eb nga komunat e provinc\u00ebs.<\/p>\n<p><img loading=\"lazy\" loading=\"lazy\" decoding=\"async\" src=\"https:\/\/neutrale.al\/wp-content\/uploads\/2022\/10\/16709F5E-8DC1-4534-A7AC-EA25E371CAE6-300x188.jpeg\" alt=\"\" width=\"300\" height=\"188\" class=\"alignnone size-medium wp-image-24826\" srcset=\"https:\/\/neutrale.al\/wp-content\/uploads\/2022\/10\/16709F5E-8DC1-4534-A7AC-EA25E371CAE6-300x188.jpeg 300w, https:\/\/neutrale.al\/wp-content\/uploads\/2022\/10\/16709F5E-8DC1-4534-A7AC-EA25E371CAE6-1024x640.jpeg 1024w, https:\/\/neutrale.al\/wp-content\/uploads\/2022\/10\/16709F5E-8DC1-4534-A7AC-EA25E371CAE6-768x480.jpeg 768w, https:\/\/neutrale.al\/wp-content\/uploads\/2022\/10\/16709F5E-8DC1-4534-A7AC-EA25E371CAE6-860x538.jpeg 860w, https:\/\/neutrale.al\/wp-content\/uploads\/2022\/10\/16709F5E-8DC1-4534-A7AC-EA25E371CAE6.jpeg 1080w\" sizes=\"auto, (max-width: 300px) 100vw, 300px\" \/><\/p>\n<p><img loading=\"lazy\" loading=\"lazy\" decoding=\"async\" src=\"https:\/\/neutrale.al\/wp-content\/uploads\/2022\/10\/94DC4815-26E1-4AA8-AF71-0D32A23655A7-300x229.jpeg\" alt=\"\" width=\"300\" height=\"229\" class=\"alignnone size-medium wp-image-24827\" srcset=\"https:\/\/neutrale.al\/wp-content\/uploads\/2022\/10\/94DC4815-26E1-4AA8-AF71-0D32A23655A7-300x229.jpeg 300w, https:\/\/neutrale.al\/wp-content\/uploads\/2022\/10\/94DC4815-26E1-4AA8-AF71-0D32A23655A7-1024x782.jpeg 1024w, https:\/\/neutrale.al\/wp-content\/uploads\/2022\/10\/94DC4815-26E1-4AA8-AF71-0D32A23655A7-768x587.jpeg 768w, https:\/\/neutrale.al\/wp-content\/uploads\/2022\/10\/94DC4815-26E1-4AA8-AF71-0D32A23655A7-860x657.jpeg 860w, https:\/\/neutrale.al\/wp-content\/uploads\/2022\/10\/94DC4815-26E1-4AA8-AF71-0D32A23655A7.jpeg 1080w\" sizes=\"auto, (max-width: 300px) 100vw, 300px\" \/><\/p>\n<p><img loading=\"lazy\" loading=\"lazy\" decoding=\"async\" src=\"https:\/\/neutrale.al\/wp-content\/uploads\/2022\/10\/19524FBD-C9DD-4D2F-84FF-3409776D8787-300x221.jpeg\" alt=\"\" width=\"300\" height=\"221\" class=\"alignnone size-medium wp-image-24828\" srcset=\"https:\/\/neutrale.al\/wp-content\/uploads\/2022\/10\/19524FBD-C9DD-4D2F-84FF-3409776D8787-300x221.jpeg 300w, https:\/\/neutrale.al\/wp-content\/uploads\/2022\/10\/19524FBD-C9DD-4D2F-84FF-3409776D8787-1024x755.jpeg 1024w, https:\/\/neutrale.al\/wp-content\/uploads\/2022\/10\/19524FBD-C9DD-4D2F-84FF-3409776D8787-768x566.jpeg 768w, https:\/\/neutrale.al\/wp-content\/uploads\/2022\/10\/19524FBD-C9DD-4D2F-84FF-3409776D8787-860x634.jpeg 860w, https:\/\/neutrale.al\/wp-content\/uploads\/2022\/10\/19524FBD-C9DD-4D2F-84FF-3409776D8787.jpeg 1080w\" sizes=\"auto, (max-width: 300px) 100vw, 300px\" \/><\/p>\n<p><img loading=\"lazy\" loading=\"lazy\" decoding=\"async\" src=\"https:\/\/neutrale.al\/wp-content\/uploads\/2022\/10\/B261BE10-0E63-4300-B8B1-5C14BA2584E0-300x188.jpeg\" alt=\"\" width=\"300\" height=\"188\" class=\"alignnone size-medium wp-image-24829\" srcset=\"https:\/\/neutrale.al\/wp-content\/uploads\/2022\/10\/B261BE10-0E63-4300-B8B1-5C14BA2584E0-300x188.jpeg 300w, https:\/\/neutrale.al\/wp-content\/uploads\/2022\/10\/B261BE10-0E63-4300-B8B1-5C14BA2584E0-1024x643.jpeg 1024w, https:\/\/neutrale.al\/wp-content\/uploads\/2022\/10\/B261BE10-0E63-4300-B8B1-5C14BA2584E0-768x482.jpeg 768w, https:\/\/neutrale.al\/wp-content\/uploads\/2022\/10\/B261BE10-0E63-4300-B8B1-5C14BA2584E0-860x540.jpeg 860w, https:\/\/neutrale.al\/wp-content\/uploads\/2022\/10\/B261BE10-0E63-4300-B8B1-5C14BA2584E0.jpeg 1080w\" sizes=\"auto, (max-width: 300px) 100vw, 300px\" \/><\/p>\n","protected":false},"excerpt":{"rendered":"<p>Autoritet lokale t\u00eb Komun\u00ebs s\u00eb Trentos n\u00eb Italin\u00eb e Veriut me nxitjen dhe bashk\u00ebpunimin e Shoqat\u00ebs &#8220;Teuta&#8221; kan\u00eb organizuar ceremonin\u00eb e inaugurimit t\u00eb memorialit Gjergj Kastrioti Sk\u00ebnderbeu n\u00eb nj\u00eb nga parqet e qytetit. Lajmin e b\u00ebn\u00eb me dije aktivistja dhe m\u00ebsuesja Dhurata Tusha, e cila \u00ebsht\u00eb e zgjedhur edhe k\u00ebshilltare n\u00eb nj\u00eb nga komunat e [&hellip;]<\/p>\n","protected":false},"author":2,"featured_media":24831,"comment_status":"open","ping_status":"open","sticky":false,"template":"","format":"standard","meta":{"footnotes":""},"categories":[12,118],"tags":[],"class_list":{"0":"post-24825","1":"post","2":"type-post","3":"status-publish","4":"format-standard","5":"has-post-thumbnail","7":"category-bota","8":"category-kryesore"},"_links":{"self":[{"href":"https:\/\/neutrale.al\/index.php\/wp-json\/wp\/v2\/posts\/24825","targetHints":{"allow":["GET"]}}],"collection":[{"href":"https:\/\/neutrale.al\/index.php\/wp-json\/wp\/v2\/posts"}],"about":[{"href":"https:\/\/neutrale.al\/index.php\/wp-json\/wp\/v2\/types\/post"}],"author":[{"embeddable":true,"href":"https:\/\/neutrale.al\/index.php\/wp-json\/wp\/v2\/users\/2"}],"replies":[{"embeddable":true,"href":"https:\/\/neutrale.al\/index.php\/wp-json\/wp\/v2\/comments?post=24825"}],"version-history":[{"count":1,"href":"https:\/\/neutrale.al\/index.php\/wp-json\/wp\/v2\/posts\/24825\/revisions"}],"predecessor-version":[{"id":24832,"href":"https:\/\/neutrale.al\/index.php\/wp-json\/wp\/v2\/posts\/24825\/revisions\/24832"}],"wp:featuredmedia":[{"embeddable":true,"href":"https:\/\/neutrale.al\/index.php\/wp-json\/wp\/v2\/media\/24831"}],"wp:attachment":[{"href":"https:\/\/neutrale.al\/index.php\/wp-json\/wp\/v2\/media?parent=24825"}],"wp:term":[{"taxonomy":"category","embeddable":true,"href":"https:\/\/neutrale.al\/index.php\/wp-json\/wp\/v2\/categories?post=24825"},{"taxonomy":"post_tag","embeddable":true,"href":"https:\/\/neutrale.al\/index.php\/wp-json\/wp\/v2\/tags?post=24825"}],"curies":[{"name":"wp","href":"https:\/\/api.w.org\/{rel}","templated":true}]}}