{"id":24797,"date":"2022-10-23T09:06:11","date_gmt":"2022-10-23T09:06:11","guid":{"rendered":"https:\/\/neutrale.al\/?p=24797"},"modified":"2022-10-23T09:06:11","modified_gmt":"2022-10-23T09:06:11","slug":"noka-ne-devoll-te-gjithe-gati-per-aksion-opozitar","status":"publish","type":"post","link":"https:\/\/neutrale.al\/index.php\/2022\/10\/23\/noka-ne-devoll-te-gjithe-gati-per-aksion-opozitar\/","title":{"rendered":"Noka n\u00eb Devoll: T\u00eb gjith\u00eb gati p\u00ebr aksion opozitar !"},"content":{"rendered":"<p>Sekretari i P\u00ebrgjithsh\u00ebm i PD-s\u00eb ka zhvilluar nj\u00eb takim me strukturat e k\u00ebsaj partie n\u00eb Devoll, ku i ka m\u00ebshuar organizimit p\u00ebr aksion opozitar.<\/p>\n<p>Ai ka qen\u00eb i shoq\u00ebruar nga dy deputet\u00eb t\u00eb qarkut Kor\u00e7\u00eb, Edmond Spaho dhe Bledjon Nallbati.<\/p>\n<p>Ja sh\u00ebnimi i Nok\u00ebs n\u00eb &#8220;Facebook&#8221;<\/p>\n<p>Nga takimi i djesh\u00ebm me strukturat tona n\u00eb Devoll. <\/p>\n<p>T\u00eb gjith\u00eb gati p\u00ebr nj\u00eb aksion opozitar n\u00eb shkall\u00eb vendi. Energji e p\u00ebrbashk\u00ebt dhe besim n\u00eb forc\u00ebn e Partis\u00eb Demokratike. #Primare #Protesta<\/p>\n<p><img loading=\"lazy\" loading=\"lazy\" decoding=\"async\" src=\"https:\/\/neutrale.al\/wp-content\/uploads\/2022\/10\/890ED09E-469B-4111-8210-61C559E1C166-300x300.jpeg\" alt=\"\" width=\"300\" height=\"300\" class=\"alignnone size-medium wp-image-24798\" srcset=\"https:\/\/neutrale.al\/wp-content\/uploads\/2022\/10\/890ED09E-469B-4111-8210-61C559E1C166-300x300.jpeg 300w, https:\/\/neutrale.al\/wp-content\/uploads\/2022\/10\/890ED09E-469B-4111-8210-61C559E1C166-150x150.jpeg 150w, https:\/\/neutrale.al\/wp-content\/uploads\/2022\/10\/890ED09E-469B-4111-8210-61C559E1C166.jpeg 768w\" sizes=\"auto, (max-width: 300px) 100vw, 300px\" \/><\/p>\n","protected":false},"excerpt":{"rendered":"<p>Sekretari i P\u00ebrgjithsh\u00ebm i PD-s\u00eb ka zhvilluar nj\u00eb takim me strukturat e k\u00ebsaj partie n\u00eb Devoll, ku i ka m\u00ebshuar organizimit p\u00ebr aksion opozitar. Ai ka qen\u00eb i shoq\u00ebruar nga dy deputet\u00eb t\u00eb qarkut Kor\u00e7\u00eb, Edmond Spaho dhe Bledjon Nallbati. Ja sh\u00ebnimi i Nok\u00ebs n\u00eb &#8220;Facebook&#8221; Nga takimi i djesh\u00ebm me strukturat tona n\u00eb Devoll. [&hellip;]<\/p>\n","protected":false},"author":2,"featured_media":24799,"comment_status":"open","ping_status":"open","sticky":false,"template":"","format":"standard","meta":{"footnotes":""},"categories":[9],"tags":[27],"class_list":{"0":"post-24797","1":"post","2":"type-post","3":"status-publish","4":"format-standard","5":"has-post-thumbnail","7":"category-politika","8":"tag-lajme"},"_links":{"self":[{"href":"https:\/\/neutrale.al\/index.php\/wp-json\/wp\/v2\/posts\/24797","targetHints":{"allow":["GET"]}}],"collection":[{"href":"https:\/\/neutrale.al\/index.php\/wp-json\/wp\/v2\/posts"}],"about":[{"href":"https:\/\/neutrale.al\/index.php\/wp-json\/wp\/v2\/types\/post"}],"author":[{"embeddable":true,"href":"https:\/\/neutrale.al\/index.php\/wp-json\/wp\/v2\/users\/2"}],"replies":[{"embeddable":true,"href":"https:\/\/neutrale.al\/index.php\/wp-json\/wp\/v2\/comments?post=24797"}],"version-history":[{"count":1,"href":"https:\/\/neutrale.al\/index.php\/wp-json\/wp\/v2\/posts\/24797\/revisions"}],"predecessor-version":[{"id":24800,"href":"https:\/\/neutrale.al\/index.php\/wp-json\/wp\/v2\/posts\/24797\/revisions\/24800"}],"wp:featuredmedia":[{"embeddable":true,"href":"https:\/\/neutrale.al\/index.php\/wp-json\/wp\/v2\/media\/24799"}],"wp:attachment":[{"href":"https:\/\/neutrale.al\/index.php\/wp-json\/wp\/v2\/media?parent=24797"}],"wp:term":[{"taxonomy":"category","embeddable":true,"href":"https:\/\/neutrale.al\/index.php\/wp-json\/wp\/v2\/categories?post=24797"},{"taxonomy":"post_tag","embeddable":true,"href":"https:\/\/neutrale.al\/index.php\/wp-json\/wp\/v2\/tags?post=24797"}],"curies":[{"name":"wp","href":"https:\/\/api.w.org\/{rel}","templated":true}]}}