{"id":24791,"date":"2022-10-23T09:04:07","date_gmt":"2022-10-23T09:04:07","guid":{"rendered":"https:\/\/neutrale.al\/?p=24791"},"modified":"2022-10-23T09:04:07","modified_gmt":"2022-10-23T09:04:07","slug":"vdekja-ne-polici-e-32-vjecarit-berisha-thirrje-per-protesta","status":"publish","type":"post","link":"https:\/\/neutrale.al\/index.php\/2022\/10\/23\/vdekja-ne-polici-e-32-vjecarit-berisha-thirrje-per-protesta\/","title":{"rendered":"Vdekja n\u00eb polici e 32-vje\u00e7arit\/ Berisha thirrje p\u00ebr protesta."},"content":{"rendered":"<p>Vdekja n\u00eb duart e policis\u00eb t\u00eb 32- vje\u00e7arit Lear Kurti ka sensibilizuar gjith\u00eb opinionin publik.<\/p>\n<p>P\u00ebr k\u00ebt\u00eb rast, kreu i PD-s\u00eb Sali Berisha ka p\u00ebrs\u00ebritur sot thirrjen p\u00ebr protesta kund\u00ebr &#8220;polic\u00eb bandit\u00eb t\u00eb droguar t\u00eb Ram\u00ebs-\u00c7u\u00e7it, dhe vrasjen e tij p\u00ebr s\u00eb dyti nga krimineli i tyre me uniform\u00eb, Ardi Veliu&#8221;, sikurse i quan ai.<\/p>\n<p>Postimi:<\/p>\n<p>Sot, n\u00eb ora 18:00, protest\u00eb e fuqishme p\u00ebr vdekjen me dhun\u00eb t\u00eb t\u00eb riut, Lear Kurtit nga polic\u00eb bandit\u00eb t\u00eb droguar t\u00eb Ram\u00ebs-\u00c7u\u00e7it, dhe vrasjen e tij p\u00ebr s\u00eb dyti nga krimineli i tyre me uniform\u00eb, Ardi Veliu. sb<\/p>\n","protected":false},"excerpt":{"rendered":"<p>Vdekja n\u00eb duart e policis\u00eb t\u00eb 32- vje\u00e7arit Lear Kurti ka sensibilizuar gjith\u00eb opinionin publik. P\u00ebr k\u00ebt\u00eb rast, kreu i PD-s\u00eb Sali Berisha ka p\u00ebrs\u00ebritur sot thirrjen p\u00ebr protesta kund\u00ebr &#8220;polic\u00eb bandit\u00eb t\u00eb droguar t\u00eb Ram\u00ebs-\u00c7u\u00e7it, dhe vrasjen e tij p\u00ebr s\u00eb dyti nga krimineli i tyre me uniform\u00eb, Ardi Veliu&#8221;, sikurse i quan ai. [&hellip;]<\/p>\n","protected":false},"author":2,"featured_media":24792,"comment_status":"open","ping_status":"open","sticky":false,"template":"","format":"standard","meta":{"footnotes":""},"categories":[118],"tags":[],"class_list":{"0":"post-24791","1":"post","2":"type-post","3":"status-publish","4":"format-standard","5":"has-post-thumbnail","7":"category-kryesore"},"_links":{"self":[{"href":"https:\/\/neutrale.al\/index.php\/wp-json\/wp\/v2\/posts\/24791","targetHints":{"allow":["GET"]}}],"collection":[{"href":"https:\/\/neutrale.al\/index.php\/wp-json\/wp\/v2\/posts"}],"about":[{"href":"https:\/\/neutrale.al\/index.php\/wp-json\/wp\/v2\/types\/post"}],"author":[{"embeddable":true,"href":"https:\/\/neutrale.al\/index.php\/wp-json\/wp\/v2\/users\/2"}],"replies":[{"embeddable":true,"href":"https:\/\/neutrale.al\/index.php\/wp-json\/wp\/v2\/comments?post=24791"}],"version-history":[{"count":1,"href":"https:\/\/neutrale.al\/index.php\/wp-json\/wp\/v2\/posts\/24791\/revisions"}],"predecessor-version":[{"id":24793,"href":"https:\/\/neutrale.al\/index.php\/wp-json\/wp\/v2\/posts\/24791\/revisions\/24793"}],"wp:featuredmedia":[{"embeddable":true,"href":"https:\/\/neutrale.al\/index.php\/wp-json\/wp\/v2\/media\/24792"}],"wp:attachment":[{"href":"https:\/\/neutrale.al\/index.php\/wp-json\/wp\/v2\/media?parent=24791"}],"wp:term":[{"taxonomy":"category","embeddable":true,"href":"https:\/\/neutrale.al\/index.php\/wp-json\/wp\/v2\/categories?post=24791"},{"taxonomy":"post_tag","embeddable":true,"href":"https:\/\/neutrale.al\/index.php\/wp-json\/wp\/v2\/tags?post=24791"}],"curies":[{"name":"wp","href":"https:\/\/api.w.org\/{rel}","templated":true}]}}