{"id":24778,"date":"2022-10-23T08:38:53","date_gmt":"2022-10-23T08:38:53","guid":{"rendered":"https:\/\/neutrale.al\/?p=24778"},"modified":"2022-10-23T08:38:53","modified_gmt":"2022-10-23T08:38:53","slug":"at-zef-pllumi-per-rugoven-nder-burrat-e-rralle-te-kombit-shqiptar","status":"publish","type":"post","link":"https:\/\/neutrale.al\/index.php\/2022\/10\/23\/at-zef-pllumi-per-rugoven-nder-burrat-e-rralle-te-kombit-shqiptar\/","title":{"rendered":"At Zef Pllumi p\u00ebr Rugov\u00ebn: Nd\u00ebr burrat e rrall\u00eb t\u00eb kombit shqiptar"},"content":{"rendered":"<p>\u201cNji nd\u00ebr burrat e rrall\u00eb t\u00eb kombit shqiptar. Ndoshta ma i rralli nd\u00ebr shekujt e fundit. Sepse na cilsohemi, simbas tjerve, popull hakmarr\u00ebs, i pam\u00ebshirsh\u00ebm e shkatrrimtar.<br \/>\nAi u p\u00ebrpoq me spjegue shkrimtarin e madh kosovar Pjet\u00ebr Bogdanin, nd\u00ebrkaq Pjet\u00ebr Bogdani zotnoi shpirtin e Ibrahim Rugov\u00ebs. I p\u00ebrpoq mendimi i tyne i perbashkt\u00eb: liria e popullit kosovar.<br \/>\nCaktoi me ndjek\u00eb rrug\u00ebn e tij si ma t\u00eb drejt\u00ebn p\u00ebr nji Kosov\u00eb t\u00eb lir\u00eb e t\u00eb pam\u00ebvarun prej gjithkujt.<br \/>\nAi pati vizionin e themeluesve t\u00eb Europ\u00ebs s\u00eb bashkueme. Atje mendonte me shti edhe vendin e vet Kosov\u00ebn, por pa i shkaktue vuejtje as gjak kurrkuj, prandej edhe kje thirr\u00eb \u201cGandi Kosovar\u201d.<br \/>\nU sha e u luftue nga serb\u00ebt, u sha e u luftue nga shqiptar\u00ebt, u sha e u luftue edhe nga kosovar\u00ebt e vet, por ai kishte si drejtim vet\u00ebm Vizionin Europjan.<br \/>\nKje trim e nuk \u00e7au kryet p\u00ebr kurrnji kritik\u00eb e t\u00eb shame, sepse ai ishte ma i dijtuni, e ma i urti i t\u00eb gjithve.<br \/>\nVazhdimisht pat kritika n\u00eb shtypin Kosovar p\u00ebr dy fotografi q\u00eb mbante n\u00eb zyr\u00ebn e tij, at\u00eb t\u00eb Nan\u00eb Terez\u00ebs, si dhe at\u00eb t\u00eb Gjon Palit t\u00eb dyt\u00eb ose Woitil-\u00ebs Pap\u00eb. Mbas t\u00eb gjitha kritikave, ai vazhdoi t\u2019i mbante deri dit\u00ebn e fundit t\u00eb jet\u00ebs,  se i kishte zgjedh\u00eb si model t\u00eb jet\u00ebs s\u2019vet.&#8221;<br \/>\nAskush n\u00eb Historin\u00eb e Shqip\u00ebris\u00eb nuk ka ditur ta shndrroj\u00eb urt\u00ebsin\u00eb n\u00eb forc\u00eb politike si, Rugova, Njeriu, Fisniku, Artisti, Aristokrati, q\u00eb ja mrriti me e \u00e7liru Kosov\u00ebn me t\u00eb vetmen m\u00ebnyr\u00eb q\u00eb Kosova mundej me u \u00e7liru.&#8221;<\/p>\n","protected":false},"excerpt":{"rendered":"<p>\u201cNji nd\u00ebr burrat e rrall\u00eb t\u00eb kombit shqiptar. Ndoshta ma i rralli nd\u00ebr shekujt e fundit. Sepse na cilsohemi, simbas tjerve, popull hakmarr\u00ebs, i pam\u00ebshirsh\u00ebm e shkatrrimtar. Ai u p\u00ebrpoq me spjegue shkrimtarin e madh kosovar Pjet\u00ebr Bogdanin, nd\u00ebrkaq Pjet\u00ebr Bogdani zotnoi shpirtin e Ibrahim Rugov\u00ebs. I p\u00ebrpoq mendimi i tyne i perbashkt\u00eb: liria e [&hellip;]<\/p>\n","protected":false},"author":2,"featured_media":24779,"comment_status":"open","ping_status":"open","sticky":false,"template":"","format":"standard","meta":{"footnotes":""},"categories":[118],"tags":[],"class_list":{"0":"post-24778","1":"post","2":"type-post","3":"status-publish","4":"format-standard","5":"has-post-thumbnail","7":"category-kryesore"},"_links":{"self":[{"href":"https:\/\/neutrale.al\/index.php\/wp-json\/wp\/v2\/posts\/24778","targetHints":{"allow":["GET"]}}],"collection":[{"href":"https:\/\/neutrale.al\/index.php\/wp-json\/wp\/v2\/posts"}],"about":[{"href":"https:\/\/neutrale.al\/index.php\/wp-json\/wp\/v2\/types\/post"}],"author":[{"embeddable":true,"href":"https:\/\/neutrale.al\/index.php\/wp-json\/wp\/v2\/users\/2"}],"replies":[{"embeddable":true,"href":"https:\/\/neutrale.al\/index.php\/wp-json\/wp\/v2\/comments?post=24778"}],"version-history":[{"count":1,"href":"https:\/\/neutrale.al\/index.php\/wp-json\/wp\/v2\/posts\/24778\/revisions"}],"predecessor-version":[{"id":24780,"href":"https:\/\/neutrale.al\/index.php\/wp-json\/wp\/v2\/posts\/24778\/revisions\/24780"}],"wp:featuredmedia":[{"embeddable":true,"href":"https:\/\/neutrale.al\/index.php\/wp-json\/wp\/v2\/media\/24779"}],"wp:attachment":[{"href":"https:\/\/neutrale.al\/index.php\/wp-json\/wp\/v2\/media?parent=24778"}],"wp:term":[{"taxonomy":"category","embeddable":true,"href":"https:\/\/neutrale.al\/index.php\/wp-json\/wp\/v2\/categories?post=24778"},{"taxonomy":"post_tag","embeddable":true,"href":"https:\/\/neutrale.al\/index.php\/wp-json\/wp\/v2\/tags?post=24778"}],"curies":[{"name":"wp","href":"https:\/\/api.w.org\/{rel}","templated":true}]}}