{"id":24711,"date":"2022-10-22T17:23:39","date_gmt":"2022-10-22T17:23:39","guid":{"rendered":"https:\/\/neutrale.al\/?p=24711"},"modified":"2022-10-22T17:23:39","modified_gmt":"2022-10-22T17:23:39","slug":"agim-nesho-forca-e-intelektualeve-qe-e-detyroi-edi-ramen-te-anullonte-vettingun-e-pedagogeve","status":"publish","type":"post","link":"https:\/\/neutrale.al\/index.php\/2022\/10\/22\/agim-nesho-forca-e-intelektualeve-qe-e-detyroi-edi-ramen-te-anullonte-vettingun-e-pedagogeve\/","title":{"rendered":"Agim Nesho\/Forca e intelektual\u00ebve q\u00eb e detyroi Edi Ram\u00ebn t\u00eb anullonte vettingun e pedagog\u00ebve."},"content":{"rendered":"<p>Brenda dy dit\u00ebsh Edi Rama ktheu vendimin e tij p\u00ebr vettingun ndaj pedagog\u00ebve, t\u00eb cil\u00ebt jan\u00eb ngritur n\u00eb protest\u00eb t\u00eb drejt\u00eb, n\u00eb mbrojtje t\u00eb dinjitetit njer\u00ebzor dhe forcimit t\u00eb universiteteve si qendra t\u00eb dijes dhe shkenc\u00ebs. <\/p>\n<p>Edi Rama b\u00ebri mir\u00eb q\u00eb u t\u00ebrhoq nga nj\u00eb k\u00ebrc\u00ebnim i panevojsh\u00ebm, ndoshta i shtyr\u00eb nga frika n\u00eb rritje e pak\u00ebnaq\u00ebsis\u00eb s\u00eb intelektual\u00ebve dhe opinionit publik. <\/p>\n<p>N\u00eb solidarizim t\u00eb pedagog\u00ebve s\u00eb fundmi jan\u00eb rreshtuar edhe shum\u00eb intelektual\u00eb e ish-deputet\u00eb t\u00eb Partis\u00eb Socialiste, q\u00eb e kuptojn\u00eb r\u00ebnd\u00ebsin\u00eb jetike p\u00ebr kombin t\u00eb nj\u00eb jete akademike t\u00eb lir\u00eb nga influencat e pushtetit.<\/p>\n<p>Ne i b\u00ebjm\u00eb thirrje, q\u00eb n\u00eb k\u00ebt\u00eb moment reflektimi t\u00eb pranoj\u00eb t\u00eb gjitha k\u00ebrkesat e pedagog\u00ebve, student\u00ebve, e stafit akademik, t\u00eb cil\u00ebt nuk k\u00ebrkojn\u00eb asgj\u00eb tjet\u00ebr ve\u00e7se t\u00eb kontribuojn\u00eb n\u00eb zhvillimin e institucioneve t\u00eb shtetit shqiptar. <\/p>\n<p>Z. Rama, \u00ebsht\u00eb urt\u00ebsi t\u00eb t\u00ebrhiqesh p\u00ebr t\u00eb mos humbur gjith\u00e7ka, n\u00ebqoft\u00ebse e ndjen dhe e kupton urrejtjen popullore. Asnj\u00ebher\u00eb nuk \u00ebsht\u00eb von\u00eb!<\/p>\n<p><img loading=\"lazy\" loading=\"lazy\" decoding=\"async\" src=\"https:\/\/neutrale.al\/wp-content\/uploads\/2022\/10\/E2809B15-744E-4921-9E86-18D3E5E3002A-300x169.jpeg\" alt=\"\" width=\"300\" height=\"169\" class=\"alignnone size-medium wp-image-24712\" srcset=\"https:\/\/neutrale.al\/wp-content\/uploads\/2022\/10\/E2809B15-744E-4921-9E86-18D3E5E3002A-300x169.jpeg 300w, https:\/\/neutrale.al\/wp-content\/uploads\/2022\/10\/E2809B15-744E-4921-9E86-18D3E5E3002A-1024x576.jpeg 1024w, https:\/\/neutrale.al\/wp-content\/uploads\/2022\/10\/E2809B15-744E-4921-9E86-18D3E5E3002A-768x432.jpeg 768w, https:\/\/neutrale.al\/wp-content\/uploads\/2022\/10\/E2809B15-744E-4921-9E86-18D3E5E3002A-860x484.jpeg 860w, https:\/\/neutrale.al\/wp-content\/uploads\/2022\/10\/E2809B15-744E-4921-9E86-18D3E5E3002A.jpeg 1080w\" sizes=\"auto, (max-width: 300px) 100vw, 300px\" \/><\/p>\n","protected":false},"excerpt":{"rendered":"<p>Brenda dy dit\u00ebsh Edi Rama ktheu vendimin e tij p\u00ebr vettingun ndaj pedagog\u00ebve, t\u00eb cil\u00ebt jan\u00eb ngritur n\u00eb protest\u00eb t\u00eb drejt\u00eb, n\u00eb mbrojtje t\u00eb dinjitetit njer\u00ebzor dhe forcimit t\u00eb universiteteve si qendra t\u00eb dijes dhe shkenc\u00ebs. Edi Rama b\u00ebri mir\u00eb q\u00eb u t\u00ebrhoq nga nj\u00eb k\u00ebrc\u00ebnim i panevojsh\u00ebm, ndoshta i shtyr\u00eb nga frika n\u00eb rritje [&hellip;]<\/p>\n","protected":false},"author":2,"featured_media":24713,"comment_status":"open","ping_status":"open","sticky":false,"template":"","format":"standard","meta":{"footnotes":""},"categories":[9],"tags":[27],"class_list":{"0":"post-24711","1":"post","2":"type-post","3":"status-publish","4":"format-standard","5":"has-post-thumbnail","7":"category-politika","8":"tag-lajme"},"_links":{"self":[{"href":"https:\/\/neutrale.al\/index.php\/wp-json\/wp\/v2\/posts\/24711","targetHints":{"allow":["GET"]}}],"collection":[{"href":"https:\/\/neutrale.al\/index.php\/wp-json\/wp\/v2\/posts"}],"about":[{"href":"https:\/\/neutrale.al\/index.php\/wp-json\/wp\/v2\/types\/post"}],"author":[{"embeddable":true,"href":"https:\/\/neutrale.al\/index.php\/wp-json\/wp\/v2\/users\/2"}],"replies":[{"embeddable":true,"href":"https:\/\/neutrale.al\/index.php\/wp-json\/wp\/v2\/comments?post=24711"}],"version-history":[{"count":1,"href":"https:\/\/neutrale.al\/index.php\/wp-json\/wp\/v2\/posts\/24711\/revisions"}],"predecessor-version":[{"id":24714,"href":"https:\/\/neutrale.al\/index.php\/wp-json\/wp\/v2\/posts\/24711\/revisions\/24714"}],"wp:featuredmedia":[{"embeddable":true,"href":"https:\/\/neutrale.al\/index.php\/wp-json\/wp\/v2\/media\/24713"}],"wp:attachment":[{"href":"https:\/\/neutrale.al\/index.php\/wp-json\/wp\/v2\/media?parent=24711"}],"wp:term":[{"taxonomy":"category","embeddable":true,"href":"https:\/\/neutrale.al\/index.php\/wp-json\/wp\/v2\/categories?post=24711"},{"taxonomy":"post_tag","embeddable":true,"href":"https:\/\/neutrale.al\/index.php\/wp-json\/wp\/v2\/tags?post=24711"}],"curies":[{"name":"wp","href":"https:\/\/api.w.org\/{rel}","templated":true}]}}