{"id":24630,"date":"2022-10-22T08:35:43","date_gmt":"2022-10-22T08:35:43","guid":{"rendered":"https:\/\/neutrale.al\/?p=24630"},"modified":"2022-10-22T08:35:43","modified_gmt":"2022-10-22T08:35:43","slug":"procesi-i-berlinit-arrihen-tre-marreveshje-per-tregun-e-perbashket-rajonal","status":"publish","type":"post","link":"https:\/\/neutrale.al\/index.php\/2022\/10\/22\/procesi-i-berlinit-arrihen-tre-marreveshje-per-tregun-e-perbashket-rajonal\/","title":{"rendered":"Procesi i Berlinit, arrihen tre marr\u00ebveshje p\u00ebr Tregun e P\u00ebrbashk\u00ebt Rajonal"},"content":{"rendered":"<p>Ministrat e jasht\u00ebm t\u00eb BP kan\u00eb r\u00ebn\u00eb dakord n\u00eb Berlin p\u00ebr l\u00ebvizjen e lir\u00eb me karta identiteti mes shtetasve t\u00eb rajonit, njohjen e diplomave universitare, dhe njohjen e kualifikimeve profesionale<\/p>\n<p>Fal\u00eb angazhimit diplomatik\u00a0t\u00eb qeveris\u00eb gjermane, vendet e Ballkanit Per\u00ebndimor kan\u00eb arritur t\u00eb premten n\u00eb Berlin t\u00eb bien dakord p\u00ebr n\u00ebnshkrimin e tre marr\u00ebveshjeve t\u00eb reja n\u00eb kuad\u00ebr t\u00eb bashk\u00ebpunimit rajonal. K\u00ebt\u00eb e b\u00ebri t\u00eb ditur t\u00eb premten n\u00eb Berlin, ministrja gjermane e Pun\u00ebve t\u00eb Jashtme, Annalena Baerbock, n\u00eb kuad\u00ebr t\u00eb ministerialit t\u00eb ministrave t\u00eb jasht\u00ebm t\u00eb vendeve t\u00eb Procesit t\u00eb Berlinit.<\/p>\n<p>Heqja e vizave mes Kosov\u00ebs dhe Bosnj\u00ebs\u00a0<\/p>\n<p>Tri marr\u00ebveshjet parashikojn\u00eb l\u00ebvizjen e lir\u00eb me karta identiteti t\u00eb personave nd\u00ebrmjet vendeve t\u00eb BallkanitPer\u00ebndimor, njohjen e diplomave universitare dhe njohjen e kualifikimeve p\u00ebr tre profesione: mjek\u00ebt, dentist\u00ebt dhe arkitekt\u00ebt.<\/p>\n<p>Ministrja gjermane e pun\u00ebve t\u00eb jashtme theksoi t\u00eb premten gjat\u00eb fjal\u00ebs hap\u00ebse n\u00eb konferenc\u00eb se p\u00ebrfitimin m\u00eb t\u00eb madh nga kjo marr\u00ebveshje e kan\u00eb njer\u00ebzit nga Kosova dhe Bosnja-Hercegovina, t\u00eb cil\u00ebt nuk do t\u00eb ken\u00eb nevoj\u00eb p\u00ebr viz\u00eb p\u00ebr t\u00eb vizituar nj\u00ebri-tjetrin. &#8220;Kjo do t\u00eb thot\u00eb q\u00eb t\u00eb rinj kosovar\u00eb dhe bosnjak\u00eb do t\u00eb vizitojn\u00eb nj\u00ebri-tjetrin pa viza, gj\u00eb q\u00eb\u00a0 p\u00ebr ne evropian\u00ebt \u00ebsht\u00eb e zakonshme. Do t\u00eb thot\u00eb q\u00eb student\u00ebt nga Shqip\u00ebria mund t\u00eb p\u00ebrdorin diplom\u00ebn e tyre bachelor p\u00ebr t\u00eb punuar n\u00eb Maqedonin\u00eb e Veriut, dhe q\u00eb arkitekt\u00ebt nga Serbia t\u00eb punojn\u00eb n\u00eb Mal t\u00eb Zi\u201d.\u00a0Baerbock tha se k\u00ebto marr\u00ebveshje leht\u00ebsojn\u00eb rrug\u00ebn p\u00ebr krijimin e nj\u00eb Tregu t\u00eb P\u00ebrbashk\u00ebt Rajonal.<\/p>\n<p>Heqja e tarifave p\u00ebr njohjen e diplomave dhe kualifikimeve<\/p>\n<p>Krahas t\u00eb d\u00ebrguarit t\u00eb posa\u00e7\u00ebm t\u00eb qeveris\u00eb gjermane p\u00ebr Ballkanin Per\u00ebndimor, Manuel Sarrazin, p\u00ebr arritjen e marr\u00ebveshjeve ka punuar edhe K\u00ebshilli i Bashk\u00ebpunimit Rajonal, me qend\u00ebr n\u00eb Sarajev\u00eb. Sekretarja e p\u00ebrgjithshme e tij, Majlinda Bregu, sqaroi se fal\u00eb marr\u00ebveshjes tani t\u00eb diplomuarit nuk do t\u00eb ken\u00eb nevoj\u00eb t\u00eb paguajn\u00eb m\u00eb tarifa prej 200 deri 500 euro p\u00ebr njohjen reciproke t\u00eb diplomave.\u00a0&#8220;Me k\u00ebt\u00eb marr\u00ebveshje, kjo kosto do t\u00eb jet\u00eb zero. P\u00ebr qytetar\u00ebt ky \u00ebsht\u00eb nj\u00eb fitim real\u201d, tha ajo. Bregu tha se fal\u00eb marr\u00ebveshjes s\u00eb l\u00ebvizjes s\u00eb lir\u00eb t\u00eb njer\u00ebzve, bie edhe &#8220;muri i fundit i regjimit t\u00eb vizave n\u00eb Ballkanin Per\u00ebndimor, ai mes Kosov\u00ebs dhe Bosnj\u00eb-Hercegovin\u00ebs\u201d.\u00a0<\/p>\n<p>Duke kujtuar suksesin e par\u00eb t\u00eb deritanish\u00ebm t\u00eb Procesit t\u00eb Berlinit, heqjen e tarifave roaming, Bregu tha se &#8220;tani ka ardhur koha q\u00eb t\u00eb hiqen tarifat roaming mes Ballkanit Per\u00ebndimor dhe BE-s\u00eb.\u201d\u00a0<\/p>\n<p>N\u00ebnshkrimi p\u00ebrfundimtar pritet m\u00eb 3 n\u00ebntor<\/p>\n<p>Dokumenti p\u00ebrfundimtar do t\u00eb n\u00ebnshkruhet n\u00eb samitin e 3 n\u00ebntorit n\u00eb Berlin, n\u00eb prani t\u00eb gjith\u00eb lider\u00ebve t\u00eb shteteve dhe qeverive t\u00eb Ballkanit Per\u00ebndimor dhe t\u00eb dhjet\u00eb vendeve t\u00eb tjera pjes\u00ebmarr\u00ebse t\u00eb Procesit t\u00eb Berlinit, si dhe p\u00ebrfaq\u00ebsuesve t\u00eb K\u00ebshillit t\u00eb Bashkimit Evropian dhe Komisionit t\u00eb BE.<\/p>\n<p>Marr\u00ebveshjet e arritura jan\u00eb tre nga kat\u00ebr marr\u00ebveshjet, p\u00ebr t\u00eb cilat lider\u00ebt e shteteve t\u00eb Ballkanit Per\u00ebndimor kishin r\u00ebn\u00eb dakord qysh n\u00eb samitin e Sofjes, n\u00eb n\u00ebntor t\u00eb vitit 2020, asokohe n\u00ebn ish-kancelaren Merkel. Por ato mbet\u00ebn t\u00eb paimplementuara p\u00ebr shkak t\u00eb munges\u00ebs s\u00eb vullnetit politik t\u00eb Kosov\u00ebs dhe Serbis\u00eb. Kosova ngulte k\u00ebmb\u00eb q\u00eb ajo t\u00eb merrte pjes\u00eb n\u00eb k\u00ebto marr\u00ebveshje si Republik\u00eb e Kosov\u00ebs, gj\u00eb q\u00eb nuk e pranonte Serbia. Kompromisi i arritur, duket se i\u00a0ka tejkaluar k\u00ebto mosmarr\u00ebveshje. Qarqe diplomatike i dhan\u00eb DW se \u00ebsht\u00eb\u00a0zgjedhur nj\u00eb gjuh\u00eb diplomatike t\u00eb atill\u00eb, me t\u00eb cil\u00ebn mund t\u00eb jetoj\u00eb si Kosova, ashtu edhe Serbia. DW<\/p>\n","protected":false},"excerpt":{"rendered":"<p>Ministrat e jasht\u00ebm t\u00eb BP kan\u00eb r\u00ebn\u00eb dakord n\u00eb Berlin p\u00ebr l\u00ebvizjen e lir\u00eb me karta identiteti mes shtetasve t\u00eb rajonit, njohjen e diplomave universitare, dhe njohjen e kualifikimeve profesionale Fal\u00eb angazhimit diplomatik\u00a0t\u00eb qeveris\u00eb gjermane, vendet e Ballkanit Per\u00ebndimor kan\u00eb arritur t\u00eb premten n\u00eb Berlin t\u00eb bien dakord p\u00ebr n\u00ebnshkrimin e tre marr\u00ebveshjeve t\u00eb reja [&hellip;]<\/p>\n","protected":false},"author":2,"featured_media":24631,"comment_status":"open","ping_status":"open","sticky":false,"template":"","format":"standard","meta":{"footnotes":""},"categories":[12],"tags":[27],"class_list":{"0":"post-24630","1":"post","2":"type-post","3":"status-publish","4":"format-standard","5":"has-post-thumbnail","7":"category-bota","8":"tag-lajme"},"_links":{"self":[{"href":"https:\/\/neutrale.al\/index.php\/wp-json\/wp\/v2\/posts\/24630","targetHints":{"allow":["GET"]}}],"collection":[{"href":"https:\/\/neutrale.al\/index.php\/wp-json\/wp\/v2\/posts"}],"about":[{"href":"https:\/\/neutrale.al\/index.php\/wp-json\/wp\/v2\/types\/post"}],"author":[{"embeddable":true,"href":"https:\/\/neutrale.al\/index.php\/wp-json\/wp\/v2\/users\/2"}],"replies":[{"embeddable":true,"href":"https:\/\/neutrale.al\/index.php\/wp-json\/wp\/v2\/comments?post=24630"}],"version-history":[{"count":1,"href":"https:\/\/neutrale.al\/index.php\/wp-json\/wp\/v2\/posts\/24630\/revisions"}],"predecessor-version":[{"id":24632,"href":"https:\/\/neutrale.al\/index.php\/wp-json\/wp\/v2\/posts\/24630\/revisions\/24632"}],"wp:featuredmedia":[{"embeddable":true,"href":"https:\/\/neutrale.al\/index.php\/wp-json\/wp\/v2\/media\/24631"}],"wp:attachment":[{"href":"https:\/\/neutrale.al\/index.php\/wp-json\/wp\/v2\/media?parent=24630"}],"wp:term":[{"taxonomy":"category","embeddable":true,"href":"https:\/\/neutrale.al\/index.php\/wp-json\/wp\/v2\/categories?post=24630"},{"taxonomy":"post_tag","embeddable":true,"href":"https:\/\/neutrale.al\/index.php\/wp-json\/wp\/v2\/tags?post=24630"}],"curies":[{"name":"wp","href":"https:\/\/api.w.org\/{rel}","templated":true}]}}