{"id":24621,"date":"2022-10-22T08:26:29","date_gmt":"2022-10-22T08:26:29","guid":{"rendered":"https:\/\/neutrale.al\/?p=24621"},"modified":"2022-10-22T08:26:29","modified_gmt":"2022-10-22T08:26:29","slug":"greqi-trishtim-i-patreguar-emigranti-i-vdekur-me-qenin-ne-krahe","status":"publish","type":"post","link":"https:\/\/neutrale.al\/index.php\/2022\/10\/22\/greqi-trishtim-i-patreguar-emigranti-i-vdekur-me-qenin-ne-krahe\/","title":{"rendered":"Greqi\/ Trishtim i patreguar: Emigranti i vdekur me qenin n\u00eb krah\u00eb"},"content":{"rendered":"<p>Nj\u00eb banor i Platanias shkruan: Eutika nuk jeton m\u00eb k\u00ebtu. Vet\u00ebm qeni i tij.<br \/>\nMirupafshim Eutika&#8230; Kam shkruar dy reshta vet\u00ebm p\u00ebr ty. Je nj\u00eb nga t\u00eb padukshmit e shumt\u00eb q\u00eb me djers\u00ebn t\u00ebnde e b\u00ebre m\u00eb pjellore tok\u00ebn e braktisur greke. Vetmia njer\u00ebzore, refugjati, dhimbja, shfryt\u00ebzimi njer\u00ebzor&#8230;<br \/>\nP\u00ebr nder t\u00eb tij, Bashkia e Piliut Jugor mori p\u00ebrsip\u00ebr t\u00eb gjith\u00eb kujdesin dhe varrimin e pun\u00ebtorit t\u00eb huaj dhe adoptimin e qenit i cili si gjithmon\u00eb nuk e la t\u00eb zotin dhe e tregoi n\u00eb m\u00ebnyr\u00ebn m\u00eb prek\u00ebse.<br \/>\nVe\u00e7 se lajmi tragjik i vdekjes b\u00ebhet edhe m\u00eb trondit\u00ebs me faktin se qeni i tij q\u00ebndroi me t\u00eb p\u00ebr tre dit\u00eb, duke e vajtuar at\u00eb.<br \/>\nEutika ishte nj\u00eb nga njer\u00ebzit m\u00eb t\u00eb dashur t\u00eb fshatit q\u00eb p\u00ebr vite me radh\u00eb ka kryer punimet e tok\u00ebs. Ai u ftoh i vet\u00ebm n\u00eb dhom\u00ebn e tij t\u00eb vog\u00ebl, me mikun e tij m\u00eb besnik, qenin, q\u00eb i q\u00ebndronte pran\u00eb. T\u00eb gjith\u00eb n\u00eb fshat e donin dhe i jepnin pun\u00eb pasi ishte nj\u00eb njeri q\u00eb ndihmonte gjithmon\u00eb shpejt.<br \/>\nDit\u00ebt e fundit ai nuk ishte par\u00eb askund n\u00eb fshat, as ai dhe as qeni i tij. Nj\u00eb pun\u00ebtor e k\u00ebrkonte p\u00ebr t\u2019i dh\u00ebn\u00eb pun\u00eb, por nuk merrte p\u00ebrgjigje nga telefoni i tij. Ai vet\u00eb ka dal\u00eb nga sht\u00ebpia e tij dhe ka shkuar te sht\u00ebpia e emigrantit dhe ka d\u00ebgjuar celularin nga dera e mbyllur dhe menj\u00ebhere ka njoftuar Policin\u00eb.<\/p>\n<p>Policia theu der\u00ebn dhe gjeti Eutik\u00ebn t\u00eb shtrir\u00eb n\u00eb dyshemen\u00eb e sht\u00ebpis\u00eb s\u00eb tij. Dhe qeni i tij i shtrir\u00eb mbi t\u00eb.<br \/>\nNj\u00eb banor i Platanias raporton se Eutikas ishte nj\u00eb burr\u00eb zem\u00ebrmir\u00eb dhe paq\u00ebsor (mesmosh\u00eb me gjat\u00ebsi mesatare dhe l\u00ebkur\u00eb t\u00eb err\u00ebt) me origjin\u00eb nga Pakistani, i cili erdhi n\u00eb Platania shum\u00eb vite m\u00eb par\u00eb. Gjat\u00eb gjith\u00eb k\u00ebtyre viteve ai l\u00ebvizte her\u00eb me celular n\u00eb dor\u00eb p\u00ebr t\u00eb komunikuar n\u00eb vendlindje, her\u00eb me qenin e disa net\u00eb mjaft i dehur, por pa u b\u00ebr\u00eb kurr\u00eb \u201cbarr\u00eb\u201d. Ai b\u00ebnte disa pun\u00eb ditore djathtas e majtas dhe n\u00eb p\u00ebrgjith\u00ebsi Eutika kishte gjetur rrug\u00ebn e tij gjat\u00eb gjith\u00eb k\u00ebtyre viteve n\u00eb fshat dhe dukej se i p\u00eblqente kjo jet\u00eb.<br \/>\nPiliou: Vajtim n\u00eb fshat p\u00ebr Eutik\u00ebn<br \/>\n\u201cDuke mb\u00ebrritur n\u00eb Platanias pasdite, m\u00ebsova se Eutika \u201cu largua nga ne\u201d. Mungonte 3 dit\u00eb, m\u00eb than\u00eb, po ku mund t&#8217;u shkonte mendja njer\u00ebzve q\u00eb ai kishte vdekur&#8230; Sikur t\u00eb kishte ikur nj\u00eb pjes\u00eb e p\u00ebrditshm\u00ebris\u00eb s\u00eb fshatit.<br \/>\nShkaku i vdekjes do t\u00eb p\u00ebrcaktohet nga ekspertiza mjeko-ligjore, n\u00eb k\u00ebt\u00eb koh\u00eb Eutika \u00ebsht\u00eb duke &#8220;udh\u00ebtuar&#8221; p\u00ebr n\u00eb Larisa me nj\u00eb thes blu&#8230;<br \/>\nNe do t\u00eb kujdesemi me k\u00ebnaq\u00ebsi p\u00ebr qenin tuaj t\u00eb vog\u00ebl, t\u00eb vetmin mik t\u00eb v\u00ebrtet\u00eb q\u00eb keni l\u00ebn\u00eb pas&#8230; Ai ishte pran\u00eb jush k\u00ebto tre dit\u00eb &#8211; nj\u00eb statuj\u00eb e pal\u00ebvizshme pa ushqim, pa uj\u00eb dhe mbi t\u00eb gjitha pa lehur&#8230; Ai vajtoi n\u00eb dyshemen e dhom\u00ebs ku jetonte shoku i tij .<br \/>\nU prehsh n\u00eb paqe&#8230;\u201d, shkruan banori i fshatit n\u00eb postim.<br \/>\nVarrimi i tij, si\u00e7 u b\u00eb e ditur, do t\u00eb b\u00ebhet nga Bashkia e Piliut Jugor.<br \/>\nGazeta THETOC<\/p>\n","protected":false},"excerpt":{"rendered":"<p>Nj\u00eb banor i Platanias shkruan: Eutika nuk jeton m\u00eb k\u00ebtu. Vet\u00ebm qeni i tij. Mirupafshim Eutika&#8230; Kam shkruar dy reshta vet\u00ebm p\u00ebr ty. Je nj\u00eb nga t\u00eb padukshmit e shumt\u00eb q\u00eb me djers\u00ebn t\u00ebnde e b\u00ebre m\u00eb pjellore tok\u00ebn e braktisur greke. Vetmia njer\u00ebzore, refugjati, dhimbja, shfryt\u00ebzimi njer\u00ebzor&#8230; P\u00ebr nder t\u00eb tij, Bashkia e Piliut [&hellip;]<\/p>\n","protected":false},"author":2,"featured_media":24622,"comment_status":"open","ping_status":"open","sticky":false,"template":"","format":"standard","meta":{"footnotes":""},"categories":[6],"tags":[],"class_list":{"0":"post-24621","1":"post","2":"type-post","3":"status-publish","4":"format-standard","5":"has-post-thumbnail","7":"category-rajoni"},"_links":{"self":[{"href":"https:\/\/neutrale.al\/index.php\/wp-json\/wp\/v2\/posts\/24621","targetHints":{"allow":["GET"]}}],"collection":[{"href":"https:\/\/neutrale.al\/index.php\/wp-json\/wp\/v2\/posts"}],"about":[{"href":"https:\/\/neutrale.al\/index.php\/wp-json\/wp\/v2\/types\/post"}],"author":[{"embeddable":true,"href":"https:\/\/neutrale.al\/index.php\/wp-json\/wp\/v2\/users\/2"}],"replies":[{"embeddable":true,"href":"https:\/\/neutrale.al\/index.php\/wp-json\/wp\/v2\/comments?post=24621"}],"version-history":[{"count":1,"href":"https:\/\/neutrale.al\/index.php\/wp-json\/wp\/v2\/posts\/24621\/revisions"}],"predecessor-version":[{"id":24623,"href":"https:\/\/neutrale.al\/index.php\/wp-json\/wp\/v2\/posts\/24621\/revisions\/24623"}],"wp:featuredmedia":[{"embeddable":true,"href":"https:\/\/neutrale.al\/index.php\/wp-json\/wp\/v2\/media\/24622"}],"wp:attachment":[{"href":"https:\/\/neutrale.al\/index.php\/wp-json\/wp\/v2\/media?parent=24621"}],"wp:term":[{"taxonomy":"category","embeddable":true,"href":"https:\/\/neutrale.al\/index.php\/wp-json\/wp\/v2\/categories?post=24621"},{"taxonomy":"post_tag","embeddable":true,"href":"https:\/\/neutrale.al\/index.php\/wp-json\/wp\/v2\/tags?post=24621"}],"curies":[{"name":"wp","href":"https:\/\/api.w.org\/{rel}","templated":true}]}}