{"id":24618,"date":"2022-10-22T08:25:07","date_gmt":"2022-10-22T08:25:07","guid":{"rendered":"https:\/\/neutrale.al\/?p=24618"},"modified":"2022-10-22T08:25:07","modified_gmt":"2022-10-22T08:25:07","slug":"itali-giorgia-meloni-mandatohet-si-kryeministre-gati-qeveria-dhe-kabineti","status":"publish","type":"post","link":"https:\/\/neutrale.al\/index.php\/2022\/10\/22\/itali-giorgia-meloni-mandatohet-si-kryeministre-gati-qeveria-dhe-kabineti\/","title":{"rendered":"Itali\/Giorgia Meloni mandatohet si kryeministre. Gati qeveria dhe kabineti."},"content":{"rendered":"<p>Pothuajse nj\u00eb muaj mbas zgjedhjeve parlamentare n\u00eb Itali dhe shpalljes fitues t\u00eb koalicionit t\u00eb djatht\u00eb, n\u00eb pasditen e djeshme Italia \u00ebsht\u00eb njohur me shefen e re t\u00eb ekzekutivit.<\/p>\n<p>Giorgia Meloni, liderja e \u201cFratelli d\u2019Italia\u201d, \u00ebsht\u00eb zyrtarisht kryeministja e re e Italis\u00eb.<\/p>\n<p>President i Italis\u00eb, Sergio Mattarella e ka pritur k\u00ebt\u00eb t\u00eb premte duke e mandatuar p\u00ebr krijimin e qeveris\u00eb s\u00eb re. Mattarella ka pranuar dhe list\u00ebn e ministrave q\u00eb do t\u00eb jen\u00eb pjes\u00eb e kabinetit t\u00eb ri qeveritar.<\/p>\n<p>Nd\u00ebrsa e djathta rikthehet n\u00eb pushtet mes kritikave, Meloni b\u00ebhet k\u00ebshtu e para kryeministre fem\u00ebr e Italis\u00eb.<\/p>\n<p>Matteo Salvini, do t\u00eb jet\u00eb numri dy i kabinetit si dhe dhe minist\u00ebr p\u00ebr Infrastruktur\u00ebn, Guido Crosetto do t\u00eb jet\u00eb Minist\u00ebr i Mbrojtjes.<\/p>\n<p>Matteo Piantedosi do t\u00eb jet\u00eb minist\u00ebr i Brendsh\u00ebm, Schillaci, minist\u00ebr i Sh\u00ebndet\u00ebsis\u00eb, Kazan, minist\u00ebr i Pun\u00ebs, Daniela Santanche \u00ebsht\u00eb em\u00ebruar ministre e Turizmit, Anna Maria Bernini, ministre p\u00ebr Universitetin,\u00a0Andrea Abodi, minist\u00ebr i Sportit dhe Rinis\u00eb, Giancarlo Giorgetti do t\u00eb jet\u00eb minist\u00ebr i Ekonomis\u00eb.<\/p>\n","protected":false},"excerpt":{"rendered":"<p>Pothuajse nj\u00eb muaj mbas zgjedhjeve parlamentare n\u00eb Itali dhe shpalljes fitues t\u00eb koalicionit t\u00eb djatht\u00eb, n\u00eb pasditen e djeshme Italia \u00ebsht\u00eb njohur me shefen e re t\u00eb ekzekutivit. Giorgia Meloni, liderja e \u201cFratelli d\u2019Italia\u201d, \u00ebsht\u00eb zyrtarisht kryeministja e re e Italis\u00eb. President i Italis\u00eb, Sergio Mattarella e ka pritur k\u00ebt\u00eb t\u00eb premte duke e mandatuar [&hellip;]<\/p>\n","protected":false},"author":2,"featured_media":24619,"comment_status":"open","ping_status":"open","sticky":false,"template":"","format":"standard","meta":{"footnotes":""},"categories":[12,118],"tags":[],"class_list":{"0":"post-24618","1":"post","2":"type-post","3":"status-publish","4":"format-standard","5":"has-post-thumbnail","7":"category-bota","8":"category-kryesore"},"_links":{"self":[{"href":"https:\/\/neutrale.al\/index.php\/wp-json\/wp\/v2\/posts\/24618","targetHints":{"allow":["GET"]}}],"collection":[{"href":"https:\/\/neutrale.al\/index.php\/wp-json\/wp\/v2\/posts"}],"about":[{"href":"https:\/\/neutrale.al\/index.php\/wp-json\/wp\/v2\/types\/post"}],"author":[{"embeddable":true,"href":"https:\/\/neutrale.al\/index.php\/wp-json\/wp\/v2\/users\/2"}],"replies":[{"embeddable":true,"href":"https:\/\/neutrale.al\/index.php\/wp-json\/wp\/v2\/comments?post=24618"}],"version-history":[{"count":1,"href":"https:\/\/neutrale.al\/index.php\/wp-json\/wp\/v2\/posts\/24618\/revisions"}],"predecessor-version":[{"id":24620,"href":"https:\/\/neutrale.al\/index.php\/wp-json\/wp\/v2\/posts\/24618\/revisions\/24620"}],"wp:featuredmedia":[{"embeddable":true,"href":"https:\/\/neutrale.al\/index.php\/wp-json\/wp\/v2\/media\/24619"}],"wp:attachment":[{"href":"https:\/\/neutrale.al\/index.php\/wp-json\/wp\/v2\/media?parent=24618"}],"wp:term":[{"taxonomy":"category","embeddable":true,"href":"https:\/\/neutrale.al\/index.php\/wp-json\/wp\/v2\/categories?post=24618"},{"taxonomy":"post_tag","embeddable":true,"href":"https:\/\/neutrale.al\/index.php\/wp-json\/wp\/v2\/tags?post=24618"}],"curies":[{"name":"wp","href":"https:\/\/api.w.org\/{rel}","templated":true}]}}