{"id":24615,"date":"2022-10-22T08:23:59","date_gmt":"2022-10-22T08:23:59","guid":{"rendered":"https:\/\/neutrale.al\/?p=24615"},"modified":"2022-10-22T08:23:59","modified_gmt":"2022-10-22T08:23:59","slug":"paulin-marku-demokracia-dhe-cinizmi-politik-ne-historine-e-pluralizmit","status":"publish","type":"post","link":"https:\/\/neutrale.al\/index.php\/2022\/10\/22\/paulin-marku-demokracia-dhe-cinizmi-politik-ne-historine-e-pluralizmit\/","title":{"rendered":"Paulin Marku\/ Demokracia dhe cinizmi politik n\u00eb historin\u00eb e pluralizmit!"},"content":{"rendered":"<p>1. Fatkeq\u00ebsi, trishtim, humbje kohe, zhg\u00ebnjim sot pas 32- vitesh, kur t\u00eb gjith\u00eb ne i rikthehemi skem\u00ebs dhe situat\u00ebs politike pa shpres\u00eb, alternative, realitet, mb\u00ebshtetje, vizion, t\u00eb ardhme p\u00ebr nj\u00ebri-tjetrin, shoq\u00ebrin\u00eb shqiptare, biznesin dhe shqiptar\u00ebt jasht\u00eb vendlindjes.<\/p>\n<p>2. Kemi 32- vite q\u00eb akuzojm\u00eb pal\u00ebt politike si brenda llojit politik ashtu edhe jasht\u00eb spektrit politikt si bashk\u00ebpun\u00ebtor, spiun, sigurimsa dhe lloj lloj epitetesh me apo pa v\u00ebrtet\u00ebsi, realitet, vet\u00ebm duke akuzuar apo abuzuar me nj\u00ebri-tjetrin politikisht.<\/p>\n<p>3. T\u00eb p\u00ebrndjekurit politik\u00eb, vuajt\u00ebsit real n\u00eb persukutime ,kampe, internime kan\u00eb t\u00eb drejt\u00ebn reale, t\u00eb ligjshme, morale, familjare, ekonomike t\u00eb ndjehen t\u00eb tradhtuar, t\u00eb zhg\u00ebnjyer, nga klasa politike e prodhuar pas komunizmit.<\/p>\n<p>4. Ndryshimi n\u00eb Shqip\u00ebri nuk mund t\u00eb vij\u00eb nga abuzuesit me pushtetin, fondet publike, trash\u00ebgimia ekonomike apo politike, pasuesit e bashk\u00ebpun\u00ebtoreve t\u00eb sigurimit fam\u00ebkeq, t\u00eb pasuruarit me politik\u00eb, trafikant\u00ebt e paligjsh\u00ebm t\u00eb lidhur me politik\u00ebn fatkeqe 32- vje\u00e7are.<\/p>\n<p>5. Para zgjedhjeve lokale t\u00eb 2023, si e vetmja sfid\u00eb reale dhe dashamir\u00ebse p\u00ebr realitetin aktual social e politk k\u00ebrkohet q\u00eb kandidat\u00ebt p\u00ebr zgjedhjet lokale t\u00eb jen\u00eb figura qytetare pa kontestime apo abuzime me pushtetin,t\u00eb arsimuar, familjar, t\u00eb ndersh\u00ebm me qytetar\u00ebt, votuesit n\u00eb \u00e7do bashki ku ato punojn\u00eb e jetojn\u00eb.<\/p>\n<p>6. Ndersh\u00ebria, past\u00ebrtia, figurat qytetare dhe t\u00eb respektuara e kan\u00eb shum\u00eb t\u00eb v\u00ebshtir\u00eb p\u00ebrballjen me realpolitik\u00ebn aktuale e pasuruar me pushtet, korrupsion, abuzim, jo p\u00ebrfaq\u00ebsim real, presionin politik dhe ekonomik, por do t\u00eb jen\u00eb shpresa e ndryshimit politik.<\/p>\n<p>7. Zhvillimet aktuale politike pas 32- vitesh kan\u00eb krijuar nj\u00eb realitet ku shpresa dhe besimi kan\u00eb humbur, rinia po largohet, inteletual\u00ebt, akademik\u00ebt nuk p\u00ebrfshihen n\u00eb politik\u00ebn aktuale, krimi dhe korrupsioni madhor b\u00ebn zgjedhjet politike p\u00ebrfaq\u00ebsuese.<\/p>\n<p>8. Pas 32- vitesh t\u00eb ashtuquajura demokraci nuk po kuptojm\u00eb se kush \u00ebsht\u00eb i ndershmi apo i pandershmi, i moralshmi dhe i pamoralshmi politik, i korruptuari apo i pa korruptuari,politikani lider apo politikani si prodhim krimi e korrupsioni,politikani qendrestar apo politikan\u00eb t\u00eb l\u00ebvizsh\u00ebm n\u00eb vite.<\/p>\n<p>9. Alternativa p\u00ebr zgjedhje nuk \u00ebsht\u00eb vet\u00ebm fitorja p\u00ebr interesa personale, abuzimi, pushteti, por krijimi i nj\u00eb klase politike opozitare n\u00eb luft\u00eb reale politike me pushtetin aktual korruptiv politik.<\/p>\n<p>10. Qytetar\u00ebt e ndersh\u00ebm, pensionist\u00ebt, t\u00eb varf\u00ebrit dhe t\u00eb pamundurit ekonomikisht, intelektual\u00ebt e pavarur k\u00ebrkojn\u00eb moral, denjitet, familje, ndershm\u00ebri, sh\u00ebrbim dhe devotshm\u00ebri qytetare.<\/p>\n","protected":false},"excerpt":{"rendered":"<p>1. Fatkeq\u00ebsi, trishtim, humbje kohe, zhg\u00ebnjim sot pas 32- vitesh, kur t\u00eb gjith\u00eb ne i rikthehemi skem\u00ebs dhe situat\u00ebs politike pa shpres\u00eb, alternative, realitet, mb\u00ebshtetje, vizion, t\u00eb ardhme p\u00ebr nj\u00ebri-tjetrin, shoq\u00ebrin\u00eb shqiptare, biznesin dhe shqiptar\u00ebt jasht\u00eb vendlindjes. 2. Kemi 32- vite q\u00eb akuzojm\u00eb pal\u00ebt politike si brenda llojit politik ashtu edhe jasht\u00eb spektrit politikt si [&hellip;]<\/p>\n","protected":false},"author":2,"featured_media":24616,"comment_status":"open","ping_status":"open","sticky":false,"template":"","format":"standard","meta":{"footnotes":""},"categories":[2],"tags":[],"class_list":{"0":"post-24615","1":"post","2":"type-post","3":"status-publish","4":"format-standard","5":"has-post-thumbnail","7":"category-opinione"},"_links":{"self":[{"href":"https:\/\/neutrale.al\/index.php\/wp-json\/wp\/v2\/posts\/24615","targetHints":{"allow":["GET"]}}],"collection":[{"href":"https:\/\/neutrale.al\/index.php\/wp-json\/wp\/v2\/posts"}],"about":[{"href":"https:\/\/neutrale.al\/index.php\/wp-json\/wp\/v2\/types\/post"}],"author":[{"embeddable":true,"href":"https:\/\/neutrale.al\/index.php\/wp-json\/wp\/v2\/users\/2"}],"replies":[{"embeddable":true,"href":"https:\/\/neutrale.al\/index.php\/wp-json\/wp\/v2\/comments?post=24615"}],"version-history":[{"count":1,"href":"https:\/\/neutrale.al\/index.php\/wp-json\/wp\/v2\/posts\/24615\/revisions"}],"predecessor-version":[{"id":24617,"href":"https:\/\/neutrale.al\/index.php\/wp-json\/wp\/v2\/posts\/24615\/revisions\/24617"}],"wp:featuredmedia":[{"embeddable":true,"href":"https:\/\/neutrale.al\/index.php\/wp-json\/wp\/v2\/media\/24616"}],"wp:attachment":[{"href":"https:\/\/neutrale.al\/index.php\/wp-json\/wp\/v2\/media?parent=24615"}],"wp:term":[{"taxonomy":"category","embeddable":true,"href":"https:\/\/neutrale.al\/index.php\/wp-json\/wp\/v2\/categories?post=24615"},{"taxonomy":"post_tag","embeddable":true,"href":"https:\/\/neutrale.al\/index.php\/wp-json\/wp\/v2\/tags?post=24615"}],"curies":[{"name":"wp","href":"https:\/\/api.w.org\/{rel}","templated":true}]}}