{"id":24580,"date":"2022-10-21T16:51:01","date_gmt":"2022-10-21T16:51:01","guid":{"rendered":"https:\/\/neutrale.al\/?p=24580"},"modified":"2022-10-21T16:51:01","modified_gmt":"2022-10-21T16:51:01","slug":"rama-ne-elbasan-ne-shqiperi-ska-asnje-ekran-pro-qeveritar","status":"publish","type":"post","link":"https:\/\/neutrale.al\/index.php\/2022\/10\/21\/rama-ne-elbasan-ne-shqiperi-ska-asnje-ekran-pro-qeveritar\/","title":{"rendered":"Rama n\u00eb Elbasan: N\u00eb Shqip\u00ebri s&#8217;ka asnj\u00eb ekran pro qeveritar."},"content":{"rendered":"<p>K\u00ebshtu u shpreh kryeministri Edi Rama sot n\u00eb Elbasan, nd\u00ebrsa ndali te greva e pedagog\u00ebve, por edhe te thirrjet e opozit\u00ebs p\u00ebr protesta.<\/p>\n<p>Citojm\u00eb:<br \/>\n&#8220;Jemi i vetmi vend n\u00eb k\u00ebt\u00eb rajon q\u00eb s\u2019ka asnj\u00eb ekran pro qeveritar. N\u00eb ato ekrane shikoni se si po b\u00ebhet nami&#8230;&#8221; u shpreh Rama.<\/p>\n","protected":false},"excerpt":{"rendered":"<p>K\u00ebshtu u shpreh kryeministri Edi Rama sot n\u00eb Elbasan, nd\u00ebrsa ndali te greva e pedagog\u00ebve, por edhe te thirrjet e opozit\u00ebs p\u00ebr protesta. Citojm\u00eb: &#8220;Jemi i vetmi vend n\u00eb k\u00ebt\u00eb rajon q\u00eb s\u2019ka asnj\u00eb ekran pro qeveritar. N\u00eb ato ekrane shikoni se si po b\u00ebhet nami&#8230;&#8221; u shpreh Rama.<\/p>\n","protected":false},"author":2,"featured_media":24581,"comment_status":"open","ping_status":"open","sticky":false,"template":"","format":"standard","meta":{"footnotes":""},"categories":[118,9],"tags":[27],"class_list":{"0":"post-24580","1":"post","2":"type-post","3":"status-publish","4":"format-standard","5":"has-post-thumbnail","7":"category-kryesore","8":"category-politika","9":"tag-lajme"},"_links":{"self":[{"href":"https:\/\/neutrale.al\/index.php\/wp-json\/wp\/v2\/posts\/24580","targetHints":{"allow":["GET"]}}],"collection":[{"href":"https:\/\/neutrale.al\/index.php\/wp-json\/wp\/v2\/posts"}],"about":[{"href":"https:\/\/neutrale.al\/index.php\/wp-json\/wp\/v2\/types\/post"}],"author":[{"embeddable":true,"href":"https:\/\/neutrale.al\/index.php\/wp-json\/wp\/v2\/users\/2"}],"replies":[{"embeddable":true,"href":"https:\/\/neutrale.al\/index.php\/wp-json\/wp\/v2\/comments?post=24580"}],"version-history":[{"count":1,"href":"https:\/\/neutrale.al\/index.php\/wp-json\/wp\/v2\/posts\/24580\/revisions"}],"predecessor-version":[{"id":24582,"href":"https:\/\/neutrale.al\/index.php\/wp-json\/wp\/v2\/posts\/24580\/revisions\/24582"}],"wp:featuredmedia":[{"embeddable":true,"href":"https:\/\/neutrale.al\/index.php\/wp-json\/wp\/v2\/media\/24581"}],"wp:attachment":[{"href":"https:\/\/neutrale.al\/index.php\/wp-json\/wp\/v2\/media?parent=24580"}],"wp:term":[{"taxonomy":"category","embeddable":true,"href":"https:\/\/neutrale.al\/index.php\/wp-json\/wp\/v2\/categories?post=24580"},{"taxonomy":"post_tag","embeddable":true,"href":"https:\/\/neutrale.al\/index.php\/wp-json\/wp\/v2\/tags?post=24580"}],"curies":[{"name":"wp","href":"https:\/\/api.w.org\/{rel}","templated":true}]}}