{"id":24561,"date":"2022-10-21T15:55:16","date_gmt":"2022-10-21T15:55:16","guid":{"rendered":"https:\/\/neutrale.al\/?p=24561"},"modified":"2022-10-21T15:55:16","modified_gmt":"2022-10-21T15:55:16","slug":"5-te-rinj-shqiptare-nga-maqedonia-ne-nasa-space-challenge-veliaj-pret-kryetarin-e-komunes-se-cairit","status":"publish","type":"post","link":"https:\/\/neutrale.al\/index.php\/2022\/10\/21\/5-te-rinj-shqiptare-nga-maqedonia-ne-nasa-space-challenge-veliaj-pret-kryetarin-e-komunes-se-cairit\/","title":{"rendered":"5 t\u00eb rinj shqiptar\u00eb nga Maqedonia n\u00eb &#8220;Nasa Space Challenge\u201d\/ Veliaj pret kryetarin e Komun\u00ebs s\u00eb \u00c7airit"},"content":{"rendered":"<p>Kryebashkiaku i Tiran\u00ebs Erion Veliaj ka pritur sot Visar Ganiun,  kryetarin e Komun\u00ebs s\u00eb \u00c7airit, dhe pes\u00eb t\u00eb rinjt\u00eb shqiptar\u00eb nga Maqedonia e Veriut, t\u00eb cil\u00ebt do t\u00eb na p\u00ebrfaq\u00ebsojn\u00eb n\u00eb \u201cNasa Space Challenge\u201d<\/p>\n<p>Sh\u00ebnimi i Veliaj n\u00eb rrjetet sociale:<\/p>\n<p>Me mikun e mir\u00eb \ud83d\ude0d, Visar Ganiu, kryetarin e Komun\u00ebs s\u00eb \u00c7airit, dhe pes\u00eb t\u00eb rinjt\u00eb shqiptar\u00eb nga Maqedonia e Veriut \ud83c\uddf2\ud83c\uddf0, t\u00eb cil\u00ebt do t\u00eb na p\u00ebrfaq\u00ebsojn\u00eb n\u00eb \u201cNasa Space Challenge\u201d. Jam krenar p\u00ebr ju \u00e7una! \ud83d\udcaa\ud83c\udffc<\/p>\n","protected":false},"excerpt":{"rendered":"<p>Kryebashkiaku i Tiran\u00ebs Erion Veliaj ka pritur sot Visar Ganiun, kryetarin e Komun\u00ebs s\u00eb \u00c7airit, dhe pes\u00eb t\u00eb rinjt\u00eb shqiptar\u00eb nga Maqedonia e Veriut, t\u00eb cil\u00ebt do t\u00eb na p\u00ebrfaq\u00ebsojn\u00eb n\u00eb \u201cNasa Space Challenge\u201d Sh\u00ebnimi i Veliaj n\u00eb rrjetet sociale: Me mikun e mir\u00eb \ud83d\ude0d, Visar Ganiu, kryetarin e Komun\u00ebs s\u00eb \u00c7airit, dhe pes\u00eb t\u00eb [&hellip;]<\/p>\n","protected":false},"author":2,"featured_media":24562,"comment_status":"open","ping_status":"open","sticky":false,"template":"","format":"standard","meta":{"footnotes":""},"categories":[118],"tags":[],"class_list":{"0":"post-24561","1":"post","2":"type-post","3":"status-publish","4":"format-standard","5":"has-post-thumbnail","7":"category-kryesore"},"_links":{"self":[{"href":"https:\/\/neutrale.al\/index.php\/wp-json\/wp\/v2\/posts\/24561","targetHints":{"allow":["GET"]}}],"collection":[{"href":"https:\/\/neutrale.al\/index.php\/wp-json\/wp\/v2\/posts"}],"about":[{"href":"https:\/\/neutrale.al\/index.php\/wp-json\/wp\/v2\/types\/post"}],"author":[{"embeddable":true,"href":"https:\/\/neutrale.al\/index.php\/wp-json\/wp\/v2\/users\/2"}],"replies":[{"embeddable":true,"href":"https:\/\/neutrale.al\/index.php\/wp-json\/wp\/v2\/comments?post=24561"}],"version-history":[{"count":1,"href":"https:\/\/neutrale.al\/index.php\/wp-json\/wp\/v2\/posts\/24561\/revisions"}],"predecessor-version":[{"id":24563,"href":"https:\/\/neutrale.al\/index.php\/wp-json\/wp\/v2\/posts\/24561\/revisions\/24563"}],"wp:featuredmedia":[{"embeddable":true,"href":"https:\/\/neutrale.al\/index.php\/wp-json\/wp\/v2\/media\/24562"}],"wp:attachment":[{"href":"https:\/\/neutrale.al\/index.php\/wp-json\/wp\/v2\/media?parent=24561"}],"wp:term":[{"taxonomy":"category","embeddable":true,"href":"https:\/\/neutrale.al\/index.php\/wp-json\/wp\/v2\/categories?post=24561"},{"taxonomy":"post_tag","embeddable":true,"href":"https:\/\/neutrale.al\/index.php\/wp-json\/wp\/v2\/tags?post=24561"}],"curies":[{"name":"wp","href":"https:\/\/api.w.org\/{rel}","templated":true}]}}