{"id":24541,"date":"2022-10-21T14:43:15","date_gmt":"2022-10-21T14:43:15","guid":{"rendered":"https:\/\/neutrale.al\/?p=24541"},"modified":"2022-10-21T14:43:15","modified_gmt":"2022-10-21T14:43:15","slug":"tirane-ishte-ne-kerkim-arrestohet-49-vjecari","status":"publish","type":"post","link":"https:\/\/neutrale.al\/index.php\/2022\/10\/21\/tirane-ishte-ne-kerkim-arrestohet-49-vjecari\/","title":{"rendered":"Tiran\u00eb\/ Ishte n\u00eb k\u00ebrkim, arrestohet 49-vje\u00e7ari"},"content":{"rendered":"<p>Finalizohet nga Komisariati i Policis\u00eb Nr. 3, operacioni policor i koduar &#8220;The night&#8221;.   <\/p>\n<p>I shpallur n\u00eb k\u00ebrkim p\u00ebr arm\u00ebmbajtje pa leje dhe prishje t\u00eb qet\u00ebsis\u00eb publike, kapet dhe vihet n\u00eb pranga 49-vje\u00e7ari.<\/p>\n<p>Sh\u00ebrbimet e Komisariatit t\u00eb Policis\u00eb Nr. 3, n\u00eb vijim  t\u00eb pun\u00ebs p\u00ebr kapjen e personave t\u00eb shpallur n\u00eb k\u00ebrkim dhe v\u00ebnien e tyre p\u00ebrpara p\u00ebrgjegj\u00ebsis\u00eb ligjore, bazuar dhe n\u00eb informacionet e marra n\u00eb rrug\u00eb operative p\u00ebr vendndodhjen e nj\u00eb shtetasi n\u00eb k\u00ebrkim, kan\u00eb organizuar dhe finalizuar me sukses operacionin policor t\u00eb koduar &#8220;The night&#8221;. <\/p>\n<p>N\u00eb kuad\u00ebr t\u00eb k\u00ebtij operacioni, n\u00eb rrug\u00ebn &#8220;Reshit Petrela&#8221;, u b\u00eb kapja dhe arrestimi i shtetasit I. A., 49 vje\u00e7, banues n\u00eb Tiran\u00eb.  <\/p>\n<p>49-vje\u00e7ari ishte shpallur n\u00eb k\u00ebrkim pasi Gjykata e Shkall\u00ebs s\u00eb Par\u00eb Tiran\u00eb i ka caktuar mas\u00ebn e siguris\u00eb \u201cArrest n\u00eb burg\u201d, p\u00ebr veprat penale &#8220;Mbajtja pa leje dhe prodhimi i arm\u00ebve, arm\u00ebve shp\u00ebrthyese dhe i municionit&#8221; dhe \u201cPrishja e qet\u00ebsis\u00eb publike\u201d. M\u00eb dat\u00eb 11.07.2022, shtetasi I. A. dyshohet se ka prishur rendin dhe qet\u00ebsin\u00eb publike, n\u00eb Rrug\u00ebn e Dibr\u00ebs, duke q\u00eblluar n\u00eb aj\u00ebr, me nj\u00eb arm\u00eb zjarri q\u00eb e mbante pa leje.     <\/p>\n<p>Materialet i kaluan Prokuroris\u00eb, p\u00ebr veprime t\u00eb m\u00ebtejshme procedurale.<\/p>\n<p><img loading=\"lazy\" loading=\"lazy\" decoding=\"async\" src=\"https:\/\/neutrale.al\/wp-content\/uploads\/2022\/10\/4E79FCD1-3333-462B-A09E-31FDBF46FFDA-300x137.jpeg\" alt=\"\" width=\"300\" height=\"137\" class=\"alignnone size-medium wp-image-24542\" srcset=\"https:\/\/neutrale.al\/wp-content\/uploads\/2022\/10\/4E79FCD1-3333-462B-A09E-31FDBF46FFDA-300x137.jpeg 300w, https:\/\/neutrale.al\/wp-content\/uploads\/2022\/10\/4E79FCD1-3333-462B-A09E-31FDBF46FFDA-1024x468.jpeg 1024w, https:\/\/neutrale.al\/wp-content\/uploads\/2022\/10\/4E79FCD1-3333-462B-A09E-31FDBF46FFDA-768x351.jpeg 768w, https:\/\/neutrale.al\/wp-content\/uploads\/2022\/10\/4E79FCD1-3333-462B-A09E-31FDBF46FFDA-860x393.jpeg 860w, https:\/\/neutrale.al\/wp-content\/uploads\/2022\/10\/4E79FCD1-3333-462B-A09E-31FDBF46FFDA.jpeg 1080w\" sizes=\"auto, (max-width: 300px) 100vw, 300px\" \/><\/p>\n","protected":false},"excerpt":{"rendered":"<p>Finalizohet nga Komisariati i Policis\u00eb Nr. 3, operacioni policor i koduar &#8220;The night&#8221;. I shpallur n\u00eb k\u00ebrkim p\u00ebr arm\u00ebmbajtje pa leje dhe prishje t\u00eb qet\u00ebsis\u00eb publike, kapet dhe vihet n\u00eb pranga 49-vje\u00e7ari. Sh\u00ebrbimet e Komisariatit t\u00eb Policis\u00eb Nr. 3, n\u00eb vijim t\u00eb pun\u00ebs p\u00ebr kapjen e personave t\u00eb shpallur n\u00eb k\u00ebrkim dhe v\u00ebnien e tyre [&hellip;]<\/p>\n","protected":false},"author":2,"featured_media":24543,"comment_status":"open","ping_status":"open","sticky":false,"template":"","format":"standard","meta":{"footnotes":""},"categories":[117],"tags":[27],"class_list":{"0":"post-24541","1":"post","2":"type-post","3":"status-publish","4":"format-standard","5":"has-post-thumbnail","7":"category-aktualitet","8":"tag-lajme"},"_links":{"self":[{"href":"https:\/\/neutrale.al\/index.php\/wp-json\/wp\/v2\/posts\/24541","targetHints":{"allow":["GET"]}}],"collection":[{"href":"https:\/\/neutrale.al\/index.php\/wp-json\/wp\/v2\/posts"}],"about":[{"href":"https:\/\/neutrale.al\/index.php\/wp-json\/wp\/v2\/types\/post"}],"author":[{"embeddable":true,"href":"https:\/\/neutrale.al\/index.php\/wp-json\/wp\/v2\/users\/2"}],"replies":[{"embeddable":true,"href":"https:\/\/neutrale.al\/index.php\/wp-json\/wp\/v2\/comments?post=24541"}],"version-history":[{"count":1,"href":"https:\/\/neutrale.al\/index.php\/wp-json\/wp\/v2\/posts\/24541\/revisions"}],"predecessor-version":[{"id":24544,"href":"https:\/\/neutrale.al\/index.php\/wp-json\/wp\/v2\/posts\/24541\/revisions\/24544"}],"wp:featuredmedia":[{"embeddable":true,"href":"https:\/\/neutrale.al\/index.php\/wp-json\/wp\/v2\/media\/24543"}],"wp:attachment":[{"href":"https:\/\/neutrale.al\/index.php\/wp-json\/wp\/v2\/media?parent=24541"}],"wp:term":[{"taxonomy":"category","embeddable":true,"href":"https:\/\/neutrale.al\/index.php\/wp-json\/wp\/v2\/categories?post=24541"},{"taxonomy":"post_tag","embeddable":true,"href":"https:\/\/neutrale.al\/index.php\/wp-json\/wp\/v2\/tags?post=24541"}],"curies":[{"name":"wp","href":"https:\/\/api.w.org\/{rel}","templated":true}]}}