{"id":24525,"date":"2022-10-21T11:36:57","date_gmt":"2022-10-21T11:36:57","guid":{"rendered":"https:\/\/neutrale.al\/?p=24525"},"modified":"2022-10-21T11:36:57","modified_gmt":"2022-10-21T11:36:57","slug":"neser-maratona-e-tiranes-policia-bashkiake-njofton-bllokimin-e-disa-rrugeve","status":"publish","type":"post","link":"https:\/\/neutrale.al\/index.php\/2022\/10\/21\/neser-maratona-e-tiranes-policia-bashkiake-njofton-bllokimin-e-disa-rrugeve\/","title":{"rendered":"Nes\u00ebr Maratona e Tiran\u00ebs, Policia Bashkiake njofton bllokimin e disa rrug\u00ebve."},"content":{"rendered":"<p>\ud83d\udd34Njoftim i r\u00ebnd\u00ebsish\u00ebm\u2757\ufe0f<\/p>\n<p>M\u00eb dat\u00eb \ud83d\uddd3\ufe0f 22 Tetor, nga ora \u23f0 09:00-11:00, n\u00eb \ud83d\udccdblv. D\u00ebshmor\u00ebt e Kombit do t\u00eb zhvillohet gara e vrapimit \ud83c\udfc3\u200d\u2640\ufe0f\ud83c\udfc3\u200d\u2642\ufe0f \u201cFun Run Tirana\u201d, me nx\u00ebn\u00ebsit e shkollave 9-vje\u00e7are dhe t\u00eb mesme \ud83c\udfeb, si dhe m\u00eb dat\u00eb 23 Tetor nga ora 08:00-16:00, do t\u00eb zhvillohet aktiviteti m\u00eb i madh nd\u00ebrkomb\u00ebtar sportiv dhe promovues i vitit, q\u00eb \u00ebsht\u00eb \u201cMaratona e Tiran\u00ebs\u201d. <\/p>\n<p>N\u00eb zbatim \ud83d\udcc4 t\u00eb Urdh\u00ebres\u00ebs Nr. 35934\/1 dat\u00eb 13.10.2022, t\u00eb Kryetarit t\u00eb Bashkia Tiran\u00eb \ud83c\udfe2 \u201cMbi organizimin e planit t\u00eb l\u00ebvizjes s\u00eb automjeteve,gjat\u00eb mbar\u00ebvajtjes dhe organizimit t\u00eb aktiviteteve \u201cFun Run\u201d dhe \u201cMaratona e Tiran\u00ebs 2022\u201d,  nga Policia Bashkiake \ud83d\udc68\u200d\u2708\ufe0f\ud83d\udc69\u200d\u2708\ufe0fn\u00eb bashk\u00ebpunim me Drejtoria Vendore e Policis\u00eb Tiran\u00eb \ud83d\udc6e\u200d\u2642\ufe0f, si dhe Policia Rrugore Tiran\u00eb \ud83d\ude94, \u00ebsht\u00eb hartuar Plani p\u00ebrkat\u00ebs i Masave, me detyra konkrete t\u00eb p\u00ebrbashk\u00ebta, duke synuar garantimin e rendit dhe siguris\u00eb, para, gjat\u00eb \ud83c\udfc3\u200d\u2642\ufe0f dhe pas p\u00ebrfundimit t\u00eb gar\u00ebs \ud83c\udfc1, si dhe menaxhimin e trafikut \ud83d\udea6n\u00eb gjith\u00eb qytetin e Tiran\u00ebs.<br \/>\nGjithashtu ju b\u00ebjm\u00eb me dije se, Bashkia Tiran\u00eb \ud83c\udfe2, n\u00eb t\u00eb gjith\u00eb perimetrin e gar\u00ebs \ud83d\udcc9, n\u00eb funksion t\u00eb siguris\u00eb, ka vendosur sinjalistik\u00eb \ud83d\ude8f te p\u00ebrkohshme rrugore \ud83d\udeb3, ndalim q\u00ebndrimi dhe pushimi p\u00ebr mjetet \ud83d\ude98.<br \/>\nP\u00ebr sa m\u00eb sip\u00ebr, me q\u00ebllim sigurin\u00eb e garuesve, qytetar\u00ebve, parandalimin e aksidenteve rrugore, mbar\u00ebvajtjen e Maraton\u00ebs pa incidente, si dhe leht\u00ebsimin e trafikut, u lutemi qytetar\u00ebve t\u00eb Tiran\u00ebs:<\/p>\n<p>\ud83d\udccc T\u00eb p\u00ebrdorin sa m\u00eb pak t\u00eb jet\u00eb e mundur automjetet \ud83d\ude98 private, p\u00ebr l\u00ebvizjet e tyre, n\u00eb dat\u00ebn 22-23 Tetor p\u00ebr t\u00eb shmangur trafikun n\u00eb qytet. <\/p>\n<p>\ud83d\udccc T\u00eb mos tentojn\u00eb t\u00eb hyjn\u00eb me automjet brenda perimetrit \ud83d\udea7 t\u00eb gar\u00ebs, gjat\u00eb zhvillimit te gar\u00ebs, pasi kjo \u00ebsht\u00eb \u274c rrept\u00ebsisht e ndaluar, si dhe t\u2019u binden menj\u00ebher\u00eb sh\u00ebrbimeve policore \ud83d\udc6e\u200d\u2642\ufe0f, n\u00eb devijimet eventuale t\u00eb trafikut. <\/p>\n<p>\ud83d\udccc T\u00eb mos parkojn\u00eb \ud83c\udd7f\ufe0f, mjetet e tyre private, brenda perimetrit t\u00eb gar\u00ebs, n\u00eb kund\u00ebrshtim me sinjalistiken rrugore t\u00eb vendosur. <\/p>\n<p>\ud83d\udccc T\u00eb l\u00ebvizin mjetet e parkuara n\u00eb rrug\u00ebt \ud83d\udee3\ufe0f ku do t\u00eb zhvillohet gara \ud83c\udfc3\u200d\u2640\ufe0f, n\u00ebse i kan\u00eb parkuar disa dit\u00eb m\u00eb par\u00eb, pasi n\u00eb t\u00eb kund\u00ebrt, do t\u00eb spostohen me mjet ngrit\u00ebs, nga sh\u00ebrbimet policore. <\/p>\n<p>\ud83d\udccc Ata qytetar\u00eb \ud83e\uddcd\u200d\u2642\ufe0f, q\u00eb do t\u00eb duan t\u00eb l\u00ebvizin me automjetet e tyre, q\u00eb ndodhen t\u00eb parkuara n\u00eb brend\u00ebsi t\u00eb lagjeve \ud83c\udf07 q\u00eb ndodhen brenda perimetrit t\u00eb gar\u00ebs, duhet t\u2019i nxjerrin ato, jasht\u00eb perimetrit, p\u00ebrpara ores \u23f0 08:00 t\u00eb dat\u00ebs 23 Tetor, pasi rrug\u00ebt do t\u00eb bllokohen deri n\u00eb or\u00ebn 16:00 dhe nuk do t\u00eb ken\u00eb mund\u00ebsi t\u00eb hyjn\u00eb-dalin, nga zona e perimetrit te gar\u00ebs me automjet. <\/p>\n<p>\ud83d\udcccT\u00eb mos tentojn\u00eb t\u00eb levizin me bi\u00e7ikleta \ud83d\udeb4\u200d\u2642\ufe0f, monopatina \ud83d\udef4, apo motore elektrike, ne rruget ku do te jen\u00eb vrapuesit gjat\u00eb zhvillimit t\u00eb gares, pasi kjo do t\u00eb jet\u00eb rrept\u00ebsisht e ndaluar. <\/p>\n<p>\ud83d\udccc K\u00ebmb\u00ebsor\u00ebt \ud83d\udeb6\ud83c\udffb\u200d\u2642\ufe0f, t\u00eb bashk\u00ebpunojn\u00eb me sh\u00ebrbimet policore \ud83d\udc68\u200d\u2708\ufe0f\ud83d\udc6e\ud83c\udffb\u200d\u2642\ufe0f dhe vullnetar\u00ebt, p\u00ebr t\u00eb kaluar rrug\u00ebn, n\u00eb vendet e p\u00ebrcaktuara, pa u b\u00ebr\u00eb penges\u00eb p\u00ebr vrapuesit. <\/p>\n<p>Duke shpresuar n\u00eb mir\u00ebkuptimin tuaj, ju faleminderit \ud83d\ude4f<\/p>\n","protected":false},"excerpt":{"rendered":"<p>\ud83d\udd34Njoftim i r\u00ebnd\u00ebsish\u00ebm\u2757\ufe0f M\u00eb dat\u00eb \ud83d\uddd3\ufe0f 22 Tetor, nga ora \u23f0 09:00-11:00, n\u00eb \ud83d\udccdblv. D\u00ebshmor\u00ebt e Kombit do t\u00eb zhvillohet gara e vrapimit \ud83c\udfc3\u200d\u2640\ufe0f\ud83c\udfc3\u200d\u2642\ufe0f \u201cFun Run Tirana\u201d, me nx\u00ebn\u00ebsit e shkollave 9-vje\u00e7are dhe t\u00eb mesme \ud83c\udfeb, si dhe m\u00eb dat\u00eb 23 Tetor nga ora 08:00-16:00, do t\u00eb zhvillohet aktiviteti m\u00eb i madh nd\u00ebrkomb\u00ebtar sportiv dhe [&hellip;]<\/p>\n","protected":false},"author":2,"featured_media":24526,"comment_status":"open","ping_status":"open","sticky":false,"template":"","format":"standard","meta":{"footnotes":""},"categories":[118],"tags":[],"class_list":{"0":"post-24525","1":"post","2":"type-post","3":"status-publish","4":"format-standard","5":"has-post-thumbnail","7":"category-kryesore"},"_links":{"self":[{"href":"https:\/\/neutrale.al\/index.php\/wp-json\/wp\/v2\/posts\/24525","targetHints":{"allow":["GET"]}}],"collection":[{"href":"https:\/\/neutrale.al\/index.php\/wp-json\/wp\/v2\/posts"}],"about":[{"href":"https:\/\/neutrale.al\/index.php\/wp-json\/wp\/v2\/types\/post"}],"author":[{"embeddable":true,"href":"https:\/\/neutrale.al\/index.php\/wp-json\/wp\/v2\/users\/2"}],"replies":[{"embeddable":true,"href":"https:\/\/neutrale.al\/index.php\/wp-json\/wp\/v2\/comments?post=24525"}],"version-history":[{"count":1,"href":"https:\/\/neutrale.al\/index.php\/wp-json\/wp\/v2\/posts\/24525\/revisions"}],"predecessor-version":[{"id":24527,"href":"https:\/\/neutrale.al\/index.php\/wp-json\/wp\/v2\/posts\/24525\/revisions\/24527"}],"wp:featuredmedia":[{"embeddable":true,"href":"https:\/\/neutrale.al\/index.php\/wp-json\/wp\/v2\/media\/24526"}],"wp:attachment":[{"href":"https:\/\/neutrale.al\/index.php\/wp-json\/wp\/v2\/media?parent=24525"}],"wp:term":[{"taxonomy":"category","embeddable":true,"href":"https:\/\/neutrale.al\/index.php\/wp-json\/wp\/v2\/categories?post=24525"},{"taxonomy":"post_tag","embeddable":true,"href":"https:\/\/neutrale.al\/index.php\/wp-json\/wp\/v2\/tags?post=24525"}],"curies":[{"name":"wp","href":"https:\/\/api.w.org\/{rel}","templated":true}]}}