{"id":24429,"date":"2022-10-20T18:11:28","date_gmt":"2022-10-20T18:11:28","guid":{"rendered":"https:\/\/neutrale.al\/?p=24429"},"modified":"2022-10-20T18:11:28","modified_gmt":"2022-10-20T18:11:28","slug":"gjimnazistet-e-medaljeve-te-arta-kryeministri-rama-merr-pjese-ne-ceremonine-e-dekorimit","status":"publish","type":"post","link":"https:\/\/neutrale.al\/index.php\/2022\/10\/20\/gjimnazistet-e-medaljeve-te-arta-kryeministri-rama-merr-pjese-ne-ceremonine-e-dekorimit\/","title":{"rendered":"Gjimnazist\u00ebt e medaljeve t\u00eb arta\/ Kryeministri Rama merr pjes\u00eb n\u00eb ceremonin\u00eb e dekorimit."},"content":{"rendered":"<p>\u00cbsht\u00eb zhvilluar sot n\u00eb selin\u00eb e Kryeministris\u00eb ceremonia e dh\u00ebnies &#8220;Medalja e Art\u00eb\u201d p\u00ebr nx\u00ebn\u00ebsit q\u00eb kan\u00eb p\u00ebrfunduar gjimnazin me 10 absolute, ku i pranish\u00ebm ka qen\u00eb edhe Kryeministri Edi Rama.<\/p>\n<p>Ai ka p\u00ebrcjell\u00eb n\u00eb rrjetet sociale nj\u00eb video t\u00eb aktivitetit me sh\u00ebnimin e m\u00ebposht\u00ebm:<\/p>\n<p>Kryeministria &#8211; Ceremonia e dh\u00ebnies \u201cMedalja e Art\u00eb\u201d p\u00ebr nx\u00ebn\u00ebsit q\u00eb kan\u00eb p\u00ebrfunduar gjimnazin me 10 absolute\ud83d\udc4f<\/p>\n","protected":false},"excerpt":{"rendered":"<p>\u00cbsht\u00eb zhvilluar sot n\u00eb selin\u00eb e Kryeministris\u00eb ceremonia e dh\u00ebnies &#8220;Medalja e Art\u00eb\u201d p\u00ebr nx\u00ebn\u00ebsit q\u00eb kan\u00eb p\u00ebrfunduar gjimnazin me 10 absolute, ku i pranish\u00ebm ka qen\u00eb edhe Kryeministri Edi Rama. Ai ka p\u00ebrcjell\u00eb n\u00eb rrjetet sociale nj\u00eb video t\u00eb aktivitetit me sh\u00ebnimin e m\u00ebposht\u00ebm: Kryeministria &#8211; Ceremonia e dh\u00ebnies \u201cMedalja e Art\u00eb\u201d p\u00ebr nx\u00ebn\u00ebsit [&hellip;]<\/p>\n","protected":false},"author":2,"featured_media":24430,"comment_status":"open","ping_status":"open","sticky":false,"template":"","format":"standard","meta":{"footnotes":""},"categories":[118],"tags":[],"class_list":{"0":"post-24429","1":"post","2":"type-post","3":"status-publish","4":"format-standard","5":"has-post-thumbnail","7":"category-kryesore"},"_links":{"self":[{"href":"https:\/\/neutrale.al\/index.php\/wp-json\/wp\/v2\/posts\/24429","targetHints":{"allow":["GET"]}}],"collection":[{"href":"https:\/\/neutrale.al\/index.php\/wp-json\/wp\/v2\/posts"}],"about":[{"href":"https:\/\/neutrale.al\/index.php\/wp-json\/wp\/v2\/types\/post"}],"author":[{"embeddable":true,"href":"https:\/\/neutrale.al\/index.php\/wp-json\/wp\/v2\/users\/2"}],"replies":[{"embeddable":true,"href":"https:\/\/neutrale.al\/index.php\/wp-json\/wp\/v2\/comments?post=24429"}],"version-history":[{"count":1,"href":"https:\/\/neutrale.al\/index.php\/wp-json\/wp\/v2\/posts\/24429\/revisions"}],"predecessor-version":[{"id":24431,"href":"https:\/\/neutrale.al\/index.php\/wp-json\/wp\/v2\/posts\/24429\/revisions\/24431"}],"wp:featuredmedia":[{"embeddable":true,"href":"https:\/\/neutrale.al\/index.php\/wp-json\/wp\/v2\/media\/24430"}],"wp:attachment":[{"href":"https:\/\/neutrale.al\/index.php\/wp-json\/wp\/v2\/media?parent=24429"}],"wp:term":[{"taxonomy":"category","embeddable":true,"href":"https:\/\/neutrale.al\/index.php\/wp-json\/wp\/v2\/categories?post=24429"},{"taxonomy":"post_tag","embeddable":true,"href":"https:\/\/neutrale.al\/index.php\/wp-json\/wp\/v2\/tags?post=24429"}],"curies":[{"name":"wp","href":"https:\/\/api.w.org\/{rel}","templated":true}]}}