{"id":24403,"date":"2022-10-20T15:43:23","date_gmt":"2022-10-20T15:43:23","guid":{"rendered":"https:\/\/neutrale.al\/?p=24403"},"modified":"2022-10-20T15:43:23","modified_gmt":"2022-10-20T15:43:23","slug":"jim-belushi-ne-tirane-veliaj-dokumentar-per-promovimin-e-kryeqytetit-shqiptar","status":"publish","type":"post","link":"https:\/\/neutrale.al\/index.php\/2022\/10\/20\/jim-belushi-ne-tirane-veliaj-dokumentar-per-promovimin-e-kryeqytetit-shqiptar\/","title":{"rendered":"Jim Belushi n\u00eb Tiran\u00eb\/ Veliaj: Dokumentar p\u00ebr promovimin e kryeqytetit shqiptar."},"content":{"rendered":"<p>Kryebashkiaku Erion Veliaj jep detaje p\u00ebr vizit\u00ebn dhe takimin me Jim Belushi n\u00eb kryeqytet.<\/p>\n<p>Mesazhi i Veliaj:<\/p>\n<p>Shikoni kush na ka ardhur p\u00ebr vizit\u00eb! \ud83d\ude0d<\/p>\n<p>I madhi Jim Belushi \u2764\ufe0f po realizon nj\u00eb super dokumentar p\u00ebr Tiran\u00ebn, q\u00eb do t\u00eb shfaqet n\u00eb nj\u00eb nga mediat kryesore amerikane \ud83c\uddfa\ud83c\uddf8 \u2013 nj\u00eb dhurat\u00eb e \u00e7muar p\u00ebr promovimin e kryeqytetit shqiptar, t\u00eb cilin e do shum\u00eb.<\/p>\n<p>Faleminderit Jim! \ud83d\ude4f\ud83c\udffc<\/p>\n","protected":false},"excerpt":{"rendered":"<p>Kryebashkiaku Erion Veliaj jep detaje p\u00ebr vizit\u00ebn dhe takimin me Jim Belushi n\u00eb kryeqytet. Mesazhi i Veliaj: Shikoni kush na ka ardhur p\u00ebr vizit\u00eb! \ud83d\ude0d I madhi Jim Belushi \u2764\ufe0f po realizon nj\u00eb super dokumentar p\u00ebr Tiran\u00ebn, q\u00eb do t\u00eb shfaqet n\u00eb nj\u00eb nga mediat kryesore amerikane \ud83c\uddfa\ud83c\uddf8 \u2013 nj\u00eb dhurat\u00eb e \u00e7muar p\u00ebr promovimin [&hellip;]<\/p>\n","protected":false},"author":2,"featured_media":24404,"comment_status":"open","ping_status":"open","sticky":false,"template":"","format":"standard","meta":{"footnotes":""},"categories":[118],"tags":[],"class_list":{"0":"post-24403","1":"post","2":"type-post","3":"status-publish","4":"format-standard","5":"has-post-thumbnail","7":"category-kryesore"},"_links":{"self":[{"href":"https:\/\/neutrale.al\/index.php\/wp-json\/wp\/v2\/posts\/24403","targetHints":{"allow":["GET"]}}],"collection":[{"href":"https:\/\/neutrale.al\/index.php\/wp-json\/wp\/v2\/posts"}],"about":[{"href":"https:\/\/neutrale.al\/index.php\/wp-json\/wp\/v2\/types\/post"}],"author":[{"embeddable":true,"href":"https:\/\/neutrale.al\/index.php\/wp-json\/wp\/v2\/users\/2"}],"replies":[{"embeddable":true,"href":"https:\/\/neutrale.al\/index.php\/wp-json\/wp\/v2\/comments?post=24403"}],"version-history":[{"count":1,"href":"https:\/\/neutrale.al\/index.php\/wp-json\/wp\/v2\/posts\/24403\/revisions"}],"predecessor-version":[{"id":24405,"href":"https:\/\/neutrale.al\/index.php\/wp-json\/wp\/v2\/posts\/24403\/revisions\/24405"}],"wp:featuredmedia":[{"embeddable":true,"href":"https:\/\/neutrale.al\/index.php\/wp-json\/wp\/v2\/media\/24404"}],"wp:attachment":[{"href":"https:\/\/neutrale.al\/index.php\/wp-json\/wp\/v2\/media?parent=24403"}],"wp:term":[{"taxonomy":"category","embeddable":true,"href":"https:\/\/neutrale.al\/index.php\/wp-json\/wp\/v2\/categories?post=24403"},{"taxonomy":"post_tag","embeddable":true,"href":"https:\/\/neutrale.al\/index.php\/wp-json\/wp\/v2\/tags?post=24403"}],"curies":[{"name":"wp","href":"https:\/\/api.w.org\/{rel}","templated":true}]}}