{"id":24358,"date":"2022-10-20T09:41:19","date_gmt":"2022-10-20T09:41:19","guid":{"rendered":"https:\/\/neutrale.al\/?p=24358"},"modified":"2022-10-20T09:41:19","modified_gmt":"2022-10-20T09:41:19","slug":"babai-i-lear-kurtit-djali-ishte-si-luan-asnje-problem-shendeti-shteti-e-mbyti","status":"publish","type":"post","link":"https:\/\/neutrale.al\/index.php\/2022\/10\/20\/babai-i-lear-kurtit-djali-ishte-si-luan-asnje-problem-shendeti-shteti-e-mbyti\/","title":{"rendered":"Babai i Lear Kurtit: Djali ishte si luan, asnj\u00eb problem sh\u00ebndeti, shteti e mbyti!"},"content":{"rendered":"<p>Babai i 32-vje\u00e7arit\u00a0 Lear Kurti, n\u00eb nj\u00eb intervist\u00eb p\u00ebr Top Channel \u00ebsht\u00eb shprehur se, djali i tij nuk ka patur asnj\u00eb problem sh\u00ebndet\u00ebsor. Ai thot\u00eb se, djali ka q\u00ebn\u00eb si luan, por shteti e mbyti.<\/p>\n<p>Artur Kurti:\u00a0Nuk e kam par\u00eb trupin e djalit. Kam qen\u00eb gjith\u00eb nat\u00ebn jasht\u00eb morgut dhe sot dhe nuk m\u00eb kan\u00eb dh\u00ebn\u00eb asnj\u00eb lloj shpjegimi.<\/p>\n<p>-A t\u00eb kan\u00eb kontaktuar autoritetet?<\/p>\n<p>Babai:\u00a0Cilat autoritete? Ato q\u00eb e kan\u00eb mbytur?! Ku ka k\u00ebtu shtet. Gjeta ata t\u00eb SHKB-s\u00eb aty, m\u00eb than\u00eb nuk dim\u00eb gj\u00eb, kur t\u00eb b\u00ebhen ato\u2026 nga ora 10 ose 11 do t\u00eb t\u00eb themi.<\/p>\n<p>-T\u00eb than\u00eb \u00e7far\u00eb ka ndodhur?<\/p>\n<p>Babai:\u00a0Jo, s\u2019m\u00eb dhan\u00eb asnj\u00eb p\u00ebrgjigje.<\/p>\n<p>-Ku ishte Laerti?<\/p>\n<p>Babai:\u00a0N\u00eb rrug\u00eb t\u00eb zotit ka qen\u00eb, o motra ime. Nuk ka qen\u00eb asnj\u00eb person i rreziksh\u00ebm p\u00ebr ta trajtuar n\u00eb ato lloj formash.<\/p>\n<p>-A ka pasur djali yt probleme sh\u00ebndet\u00ebsore?<\/p>\n<p>Babai:\u00a0Jo, asgj\u00eb! Djali ka qen\u00eb 2 metra, si luan.<\/p>\n","protected":false},"excerpt":{"rendered":"<p>Babai i 32-vje\u00e7arit\u00a0 Lear Kurti, n\u00eb nj\u00eb intervist\u00eb p\u00ebr Top Channel \u00ebsht\u00eb shprehur se, djali i tij nuk ka patur asnj\u00eb problem sh\u00ebndet\u00ebsor. Ai thot\u00eb se, djali ka q\u00ebn\u00eb si luan, por shteti e mbyti. Artur Kurti:\u00a0Nuk e kam par\u00eb trupin e djalit. Kam qen\u00eb gjith\u00eb nat\u00ebn jasht\u00eb morgut dhe sot dhe nuk m\u00eb kan\u00eb [&hellip;]<\/p>\n","protected":false},"author":2,"featured_media":24359,"comment_status":"open","ping_status":"open","sticky":false,"template":"","format":"standard","meta":{"footnotes":""},"categories":[118],"tags":[],"class_list":{"0":"post-24358","1":"post","2":"type-post","3":"status-publish","4":"format-standard","5":"has-post-thumbnail","7":"category-kryesore"},"_links":{"self":[{"href":"https:\/\/neutrale.al\/index.php\/wp-json\/wp\/v2\/posts\/24358","targetHints":{"allow":["GET"]}}],"collection":[{"href":"https:\/\/neutrale.al\/index.php\/wp-json\/wp\/v2\/posts"}],"about":[{"href":"https:\/\/neutrale.al\/index.php\/wp-json\/wp\/v2\/types\/post"}],"author":[{"embeddable":true,"href":"https:\/\/neutrale.al\/index.php\/wp-json\/wp\/v2\/users\/2"}],"replies":[{"embeddable":true,"href":"https:\/\/neutrale.al\/index.php\/wp-json\/wp\/v2\/comments?post=24358"}],"version-history":[{"count":1,"href":"https:\/\/neutrale.al\/index.php\/wp-json\/wp\/v2\/posts\/24358\/revisions"}],"predecessor-version":[{"id":24360,"href":"https:\/\/neutrale.al\/index.php\/wp-json\/wp\/v2\/posts\/24358\/revisions\/24360"}],"wp:featuredmedia":[{"embeddable":true,"href":"https:\/\/neutrale.al\/index.php\/wp-json\/wp\/v2\/media\/24359"}],"wp:attachment":[{"href":"https:\/\/neutrale.al\/index.php\/wp-json\/wp\/v2\/media?parent=24358"}],"wp:term":[{"taxonomy":"category","embeddable":true,"href":"https:\/\/neutrale.al\/index.php\/wp-json\/wp\/v2\/categories?post=24358"},{"taxonomy":"post_tag","embeddable":true,"href":"https:\/\/neutrale.al\/index.php\/wp-json\/wp\/v2\/tags?post=24358"}],"curies":[{"name":"wp","href":"https:\/\/api.w.org\/{rel}","templated":true}]}}