{"id":24343,"date":"2022-10-20T07:26:23","date_gmt":"2022-10-20T07:26:23","guid":{"rendered":"https:\/\/neutrale.al\/?p=24343"},"modified":"2022-10-20T07:26:23","modified_gmt":"2022-10-20T07:26:23","slug":"berisha-rames-do-ta-paguash-shtrenjte-prekjen-e-votes-qe-tani-po-mblidhen-certifikatat","status":"publish","type":"post","link":"https:\/\/neutrale.al\/index.php\/2022\/10\/20\/berisha-rames-do-ta-paguash-shtrenjte-prekjen-e-votes-qe-tani-po-mblidhen-certifikatat\/","title":{"rendered":"Berisha-Ram\u00ebs: Do ta paguash shtrenjt\u00eb prekjen e vot\u00ebs! Q\u00eb tani po mblidhen \u00e7ertifikatat"},"content":{"rendered":"<p>Kryetari i PD, Sali Berisha\u00a0Berisha n\u00eb takimin q\u00eb zhvilloi mbr\u00ebm\u00eb me drejtuesit e Deg\u00ebve dhe t\u00eb Forumit Rinor t\u00eb Tiran\u00ebs  paralajm\u00ebroi Ram\u00ebn se, do ta paguash aq shtrenjt\u00eb prekjen e vot\u00ebs sa nuk mund ta imagjinosh. Ka nj\u00eb kufi. Berisha tha se, q\u00eb tani po mblidhen \u00e7ertifikatat.<\/p>\n<p>\u201cEdi Rama nuk ka t\u00eb ndalur. Duhet ta ndalim. T\u00eb jemi t\u00eb p\u00ebrgatitur p\u00ebr nj\u00eb betej\u00eb. K\u00ebtu kemi kryetarin e ri t\u00eb Forumit Rinor, kemi kryetar\u00ebt e Forumeve. N\u00eb ball\u00eb t\u00eb k\u00ebsaj beteje do t\u00eb jen\u00eb t\u00eb rinjt\u00eb. Do t\u00eb jemi t\u00eb gjith\u00eb. k\u00ebto dy fronte po shkojn \u00eb drejt zgjedhjeve.<\/p>\n<p>Un\u00eb kam marr\u00eb informacion se kan\u00eb filluar q\u00eb tani duke mbledhur \u00e7ertifikatat. Un\u00eb do t\u2019i them \u201cmblidhi\u201d, por n\u00eb m\u00ebnyr\u00eb absolute, ja ku jam k\u00ebtu, do ta paguash aq shtrenjt\u00eb nqs prek vot\u00ebn sa nuk mund ta imagjinosh.<br \/>\nKa nj\u00eb kufi.<\/p>\n<p>Ne po votojm\u00eb vet\u00eb, po votojm\u00eb e po votojm\u00eb. Do t\u2019i kthejm\u00eb shqiptar\u00ebve vot\u00ebn. Nqse ky armik i vot\u00ebs mendon prap\u00eb t\u00eb vjedh\u00eb vot\u00ebn t\u00eb pres\u00eb t\u00eb nes\u00ebrmen, se \u00e7\u2019e pret. E them hapur.<\/p>\n<p>Ne vot\u00ebn nuk e dor\u00ebzojm\u00eb.<\/p>\n<p>Data 27 prill duhej t\u00eb ishte data e kryengritjes m\u00eb t\u00eb fuqishme q\u00eb ka njohur Shqip\u00ebria p\u00ebr vot\u00ebn sepse demokrat\u00ebt u p\u00ebrball\u00ebn me shtetin elektoral, u p\u00ebrball\u00ebn me ushtrin\u00eb e patronazhist\u00ebve terrorist\u00eb t\u00eb kuq.<\/p>\n<p>Po nuk nxori mend, un\u00eb i jap fjal\u00ebn e nderit se do t\u2019i japim p\u00ebrgjigjen m\u00eb ekzemplare q\u00eb nuk mund ta imagjinoj\u00eb dhe do p\u00ebrgatitemi.\u00a0<br \/>\nNe nuk duam asgj\u00eb tjet\u00ebr, p\u00ebrve\u00e7se t\u00eb votojn\u00eb shqiptar\u00ebt\u201d, u shpreh Berisha.<\/p>\n","protected":false},"excerpt":{"rendered":"<p>Kryetari i PD, Sali Berisha\u00a0Berisha n\u00eb takimin q\u00eb zhvilloi mbr\u00ebm\u00eb me drejtuesit e Deg\u00ebve dhe t\u00eb Forumit Rinor t\u00eb Tiran\u00ebs paralajm\u00ebroi Ram\u00ebn se, do ta paguash aq shtrenjt\u00eb prekjen e vot\u00ebs sa nuk mund ta imagjinosh. Ka nj\u00eb kufi. Berisha tha se, q\u00eb tani po mblidhen \u00e7ertifikatat. \u201cEdi Rama nuk ka t\u00eb ndalur. Duhet ta [&hellip;]<\/p>\n","protected":false},"author":2,"featured_media":24344,"comment_status":"open","ping_status":"open","sticky":false,"template":"","format":"standard","meta":{"footnotes":""},"categories":[118,9],"tags":[],"class_list":{"0":"post-24343","1":"post","2":"type-post","3":"status-publish","4":"format-standard","5":"has-post-thumbnail","7":"category-kryesore","8":"category-politika"},"_links":{"self":[{"href":"https:\/\/neutrale.al\/index.php\/wp-json\/wp\/v2\/posts\/24343","targetHints":{"allow":["GET"]}}],"collection":[{"href":"https:\/\/neutrale.al\/index.php\/wp-json\/wp\/v2\/posts"}],"about":[{"href":"https:\/\/neutrale.al\/index.php\/wp-json\/wp\/v2\/types\/post"}],"author":[{"embeddable":true,"href":"https:\/\/neutrale.al\/index.php\/wp-json\/wp\/v2\/users\/2"}],"replies":[{"embeddable":true,"href":"https:\/\/neutrale.al\/index.php\/wp-json\/wp\/v2\/comments?post=24343"}],"version-history":[{"count":1,"href":"https:\/\/neutrale.al\/index.php\/wp-json\/wp\/v2\/posts\/24343\/revisions"}],"predecessor-version":[{"id":24345,"href":"https:\/\/neutrale.al\/index.php\/wp-json\/wp\/v2\/posts\/24343\/revisions\/24345"}],"wp:featuredmedia":[{"embeddable":true,"href":"https:\/\/neutrale.al\/index.php\/wp-json\/wp\/v2\/media\/24344"}],"wp:attachment":[{"href":"https:\/\/neutrale.al\/index.php\/wp-json\/wp\/v2\/media?parent=24343"}],"wp:term":[{"taxonomy":"category","embeddable":true,"href":"https:\/\/neutrale.al\/index.php\/wp-json\/wp\/v2\/categories?post=24343"},{"taxonomy":"post_tag","embeddable":true,"href":"https:\/\/neutrale.al\/index.php\/wp-json\/wp\/v2\/tags?post=24343"}],"curies":[{"name":"wp","href":"https:\/\/api.w.org\/{rel}","templated":true}]}}