{"id":24340,"date":"2022-10-20T07:25:06","date_gmt":"2022-10-20T07:25:06","guid":{"rendered":"https:\/\/neutrale.al\/?p=24340"},"modified":"2022-10-20T07:25:06","modified_gmt":"2022-10-20T07:25:06","slug":"stokholm-media-shteterore-turke-gjuan-gazetarin-ne-suedi","status":"publish","type":"post","link":"https:\/\/neutrale.al\/index.php\/2022\/10\/20\/stokholm-media-shteterore-turke-gjuan-gazetarin-ne-suedi\/","title":{"rendered":"Stokholm\/Media shtet\u00ebrore turke &#8220;gjuan&#8221; gazetarin n\u00eb Suedi"},"content":{"rendered":"<p>Gazetari dhe debatuesi turk B\u00fclent Kenes \u00ebsht\u00eb nj\u00eb nga 33 personat q\u00eb Erdogan k\u00ebrkon t\u00eb ekstradohet p\u00ebr t\u00eb miratuar aplikimin e Suedis\u00eb n\u00eb NATO.<br \/>\nPor Gjykata e Lart\u00eb ka refuzuar m\u00eb par\u00eb k\u00ebrkes\u00ebn e Turqis\u00eb p\u00ebr ekstradim.<\/p>\n<p>Tani ai po ndiqet nga mediat e kontrolluara nga shteti turk n\u00eb Suedi. <\/p>\n<p>&#8211; Po p\u00ebrpiqen t\u00eb m\u00eb shtypin.<br \/>\nPor nuk do ta l\u00eb veten t\u00eb ndikohet nga kjo, thot\u00eb B\u00fclent Kenes.<\/p>\n","protected":false},"excerpt":{"rendered":"<p>Gazetari dhe debatuesi turk B\u00fclent Kenes \u00ebsht\u00eb nj\u00eb nga 33 personat q\u00eb Erdogan k\u00ebrkon t\u00eb ekstradohet p\u00ebr t\u00eb miratuar aplikimin e Suedis\u00eb n\u00eb NATO. Por Gjykata e Lart\u00eb ka refuzuar m\u00eb par\u00eb k\u00ebrkes\u00ebn e Turqis\u00eb p\u00ebr ekstradim. Tani ai po ndiqet nga mediat e kontrolluara nga shteti turk n\u00eb Suedi. &#8211; Po p\u00ebrpiqen t\u00eb m\u00eb [&hellip;]<\/p>\n","protected":false},"author":2,"featured_media":24341,"comment_status":"open","ping_status":"open","sticky":false,"template":"","format":"standard","meta":{"footnotes":""},"categories":[12],"tags":[27],"class_list":{"0":"post-24340","1":"post","2":"type-post","3":"status-publish","4":"format-standard","5":"has-post-thumbnail","7":"category-bota","8":"tag-lajme"},"_links":{"self":[{"href":"https:\/\/neutrale.al\/index.php\/wp-json\/wp\/v2\/posts\/24340","targetHints":{"allow":["GET"]}}],"collection":[{"href":"https:\/\/neutrale.al\/index.php\/wp-json\/wp\/v2\/posts"}],"about":[{"href":"https:\/\/neutrale.al\/index.php\/wp-json\/wp\/v2\/types\/post"}],"author":[{"embeddable":true,"href":"https:\/\/neutrale.al\/index.php\/wp-json\/wp\/v2\/users\/2"}],"replies":[{"embeddable":true,"href":"https:\/\/neutrale.al\/index.php\/wp-json\/wp\/v2\/comments?post=24340"}],"version-history":[{"count":1,"href":"https:\/\/neutrale.al\/index.php\/wp-json\/wp\/v2\/posts\/24340\/revisions"}],"predecessor-version":[{"id":24342,"href":"https:\/\/neutrale.al\/index.php\/wp-json\/wp\/v2\/posts\/24340\/revisions\/24342"}],"wp:featuredmedia":[{"embeddable":true,"href":"https:\/\/neutrale.al\/index.php\/wp-json\/wp\/v2\/media\/24341"}],"wp:attachment":[{"href":"https:\/\/neutrale.al\/index.php\/wp-json\/wp\/v2\/media?parent=24340"}],"wp:term":[{"taxonomy":"category","embeddable":true,"href":"https:\/\/neutrale.al\/index.php\/wp-json\/wp\/v2\/categories?post=24340"},{"taxonomy":"post_tag","embeddable":true,"href":"https:\/\/neutrale.al\/index.php\/wp-json\/wp\/v2\/tags?post=24340"}],"curies":[{"name":"wp","href":"https:\/\/api.w.org\/{rel}","templated":true}]}}