{"id":24255,"date":"2022-10-19T09:38:23","date_gmt":"2022-10-19T09:38:23","guid":{"rendered":"https:\/\/neutrale.al\/?p=24255"},"modified":"2022-10-19T09:38:23","modified_gmt":"2022-10-19T09:38:23","slug":"grevat-e-pedagogeve-meta-nuk-ka-zhvillim-pa-arsim","status":"publish","type":"post","link":"https:\/\/neutrale.al\/index.php\/2022\/10\/19\/grevat-e-pedagogeve-meta-nuk-ka-zhvillim-pa-arsim\/","title":{"rendered":"Grevat e pedagog\u00ebve\/Meta: Nuk ka Zhvillim pa Arsim&#8230;"},"content":{"rendered":"<p>Kreu i Partis\u00eb Liris\u00eb, Ilir Meta, ka takuar sot Koordinatorin p\u00ebr Universitetet dhe Student\u00ebt, Kristian Kina.<br \/>\nAi ka shprehur mb\u00ebshtetjen e subjektit t\u00eb tyre politik p\u00ebr universitetet dhe arsimin.<\/p>\n<p>Postimi i Met\u00ebs:<\/p>\n<p>K\u00ebnaq\u00ebsi ta nisja sot pun\u00ebn duke takuar Koordinatorin p\u00ebr Universitetet dhe Student\u00ebt, Kristian Kina. E sigurova se mb\u00ebshtetja e Partis\u00eb t\u00eb Liris\u00eb do t\u00eb jet\u00eb maksimale sot n\u00eb opozit\u00eb dhe nes\u00ebr n\u00eb qeverisje. P\u00ebr ne nuk ka Zhvillim pa Arsim. Investimi m\u00eb strategjik p\u00ebr ne do t\u00eb jet\u00eb p\u00ebr arsimin dhe t\u00eb rinjt\u00eb! \ud83d\udcda\ud83c\udde6\ud83c\uddf1<\/p>\n","protected":false},"excerpt":{"rendered":"<p>Kreu i Partis\u00eb Liris\u00eb, Ilir Meta, ka takuar sot Koordinatorin p\u00ebr Universitetet dhe Student\u00ebt, Kristian Kina. Ai ka shprehur mb\u00ebshtetjen e subjektit t\u00eb tyre politik p\u00ebr universitetet dhe arsimin. Postimi i Met\u00ebs: K\u00ebnaq\u00ebsi ta nisja sot pun\u00ebn duke takuar Koordinatorin p\u00ebr Universitetet dhe Student\u00ebt, Kristian Kina. E sigurova se mb\u00ebshtetja e Partis\u00eb t\u00eb Liris\u00eb do [&hellip;]<\/p>\n","protected":false},"author":2,"featured_media":24256,"comment_status":"open","ping_status":"open","sticky":false,"template":"","format":"standard","meta":{"footnotes":""},"categories":[118,9],"tags":[],"class_list":{"0":"post-24255","1":"post","2":"type-post","3":"status-publish","4":"format-standard","5":"has-post-thumbnail","7":"category-kryesore","8":"category-politika"},"_links":{"self":[{"href":"https:\/\/neutrale.al\/index.php\/wp-json\/wp\/v2\/posts\/24255","targetHints":{"allow":["GET"]}}],"collection":[{"href":"https:\/\/neutrale.al\/index.php\/wp-json\/wp\/v2\/posts"}],"about":[{"href":"https:\/\/neutrale.al\/index.php\/wp-json\/wp\/v2\/types\/post"}],"author":[{"embeddable":true,"href":"https:\/\/neutrale.al\/index.php\/wp-json\/wp\/v2\/users\/2"}],"replies":[{"embeddable":true,"href":"https:\/\/neutrale.al\/index.php\/wp-json\/wp\/v2\/comments?post=24255"}],"version-history":[{"count":1,"href":"https:\/\/neutrale.al\/index.php\/wp-json\/wp\/v2\/posts\/24255\/revisions"}],"predecessor-version":[{"id":24257,"href":"https:\/\/neutrale.al\/index.php\/wp-json\/wp\/v2\/posts\/24255\/revisions\/24257"}],"wp:featuredmedia":[{"embeddable":true,"href":"https:\/\/neutrale.al\/index.php\/wp-json\/wp\/v2\/media\/24256"}],"wp:attachment":[{"href":"https:\/\/neutrale.al\/index.php\/wp-json\/wp\/v2\/media?parent=24255"}],"wp:term":[{"taxonomy":"category","embeddable":true,"href":"https:\/\/neutrale.al\/index.php\/wp-json\/wp\/v2\/categories?post=24255"},{"taxonomy":"post_tag","embeddable":true,"href":"https:\/\/neutrale.al\/index.php\/wp-json\/wp\/v2\/tags?post=24255"}],"curies":[{"name":"wp","href":"https:\/\/api.w.org\/{rel}","templated":true}]}}