{"id":24245,"date":"2022-10-19T09:22:54","date_gmt":"2022-10-19T09:22:54","guid":{"rendered":"https:\/\/neutrale.al\/?p=24245"},"modified":"2022-10-19T09:22:54","modified_gmt":"2022-10-19T09:22:54","slug":"panik-ne-tirane-shperthim-eksplozivi-hidhet-ne-ere-nje-dyqan-kozmetik","status":"publish","type":"post","link":"https:\/\/neutrale.al\/index.php\/2022\/10\/19\/panik-ne-tirane-shperthim-eksplozivi-hidhet-ne-ere-nje-dyqan-kozmetik\/","title":{"rendered":"Panik n\u00eb Tiran\u00eb\/Shp\u00ebrthim eksplozivi, hidhet n\u00eb er\u00eb nj\u00eb dyqan kozmetik\u00a0"},"content":{"rendered":"<p>Nj\u00eb shp\u00ebrthim i fuqish\u00ebm eksplozivi ndodhi n\u00eb Tiran\u00eb, ku nj\u00eb dyqan kozmetik u hodh n\u00eb er\u00eb.<br \/>\nNgjarja ndodhi pasmesnate n\u00eb rrug\u00ebn \u201cSami Frash\u00ebri\u201d, n\u00eb nj\u00eb zon\u00eb t\u00eb populluar t\u00eb kryeqytetit.<\/p>\n<p>B\u00ebhet e ditur se dyqani kozmetik ku ndodhi shp\u00ebrthimi me eksploziv, \u00ebsht\u00eb n\u00eb pron\u00ebsi t\u00eb Enisa Pirollit. Nga shp\u00ebrthimi i fuqish\u00ebm fatmir\u00ebsisht ka vet\u00ebm d\u00ebme materiale. Raportohet se Pirolli e kishte marr\u00eb dyqanin me qira.<\/p>\n<p>Policia dhe grupi hetimor po punojn\u00eb p\u00ebr zbardhjen e plot\u00eb t\u00eb rrethanave. Do t\u00eb jet\u00eb d\u00ebshmia e pronares q\u00eb do t\u00eb ndihmoj\u00eb n\u00eb identifikimin e autor\u00ebve t\u00eb mundsh\u00ebm t\u00eb ngjarjes.\u00a0Shp\u00ebrthimi ka qen\u00eb i fort\u00eb dhe \u00ebsht\u00eb ndjer\u00eb n\u00eb disa zona t\u00eb Tiran\u00ebs.<\/p>\n<p>Si pasoj\u00eb e shp\u00ebrthimit ka pasur vet\u00ebm d\u00ebme materiale, nd\u00ebrsa policia po punon p\u00ebr t\u00eb zbardhur ngjarje.<\/p>\n<p>Grupi hetimor ka hapur kamerat e siguris\u00eb, ku edhe \u00ebsht\u00eb evidentuar se autori ishte me kapu\u00e7 dhe se \u00ebsht\u00eb larguar me nj\u00eb makin\u00eb tip Golf, ngjyr\u00eb t\u00eb zez\u00eb.<\/p>\n","protected":false},"excerpt":{"rendered":"<p>Nj\u00eb shp\u00ebrthim i fuqish\u00ebm eksplozivi ndodhi n\u00eb Tiran\u00eb, ku nj\u00eb dyqan kozmetik u hodh n\u00eb er\u00eb. Ngjarja ndodhi pasmesnate n\u00eb rrug\u00ebn \u201cSami Frash\u00ebri\u201d, n\u00eb nj\u00eb zon\u00eb t\u00eb populluar t\u00eb kryeqytetit. B\u00ebhet e ditur se dyqani kozmetik ku ndodhi shp\u00ebrthimi me eksploziv, \u00ebsht\u00eb n\u00eb pron\u00ebsi t\u00eb Enisa Pirollit. Nga shp\u00ebrthimi i fuqish\u00ebm fatmir\u00ebsisht ka vet\u00ebm d\u00ebme [&hellip;]<\/p>\n","protected":false},"author":2,"featured_media":24246,"comment_status":"open","ping_status":"open","sticky":false,"template":"","format":"standard","meta":{"footnotes":""},"categories":[117],"tags":[27],"class_list":{"0":"post-24245","1":"post","2":"type-post","3":"status-publish","4":"format-standard","5":"has-post-thumbnail","7":"category-aktualitet","8":"tag-lajme"},"_links":{"self":[{"href":"https:\/\/neutrale.al\/index.php\/wp-json\/wp\/v2\/posts\/24245","targetHints":{"allow":["GET"]}}],"collection":[{"href":"https:\/\/neutrale.al\/index.php\/wp-json\/wp\/v2\/posts"}],"about":[{"href":"https:\/\/neutrale.al\/index.php\/wp-json\/wp\/v2\/types\/post"}],"author":[{"embeddable":true,"href":"https:\/\/neutrale.al\/index.php\/wp-json\/wp\/v2\/users\/2"}],"replies":[{"embeddable":true,"href":"https:\/\/neutrale.al\/index.php\/wp-json\/wp\/v2\/comments?post=24245"}],"version-history":[{"count":1,"href":"https:\/\/neutrale.al\/index.php\/wp-json\/wp\/v2\/posts\/24245\/revisions"}],"predecessor-version":[{"id":24247,"href":"https:\/\/neutrale.al\/index.php\/wp-json\/wp\/v2\/posts\/24245\/revisions\/24247"}],"wp:featuredmedia":[{"embeddable":true,"href":"https:\/\/neutrale.al\/index.php\/wp-json\/wp\/v2\/media\/24246"}],"wp:attachment":[{"href":"https:\/\/neutrale.al\/index.php\/wp-json\/wp\/v2\/media?parent=24245"}],"wp:term":[{"taxonomy":"category","embeddable":true,"href":"https:\/\/neutrale.al\/index.php\/wp-json\/wp\/v2\/categories?post=24245"},{"taxonomy":"post_tag","embeddable":true,"href":"https:\/\/neutrale.al\/index.php\/wp-json\/wp\/v2\/tags?post=24245"}],"curies":[{"name":"wp","href":"https:\/\/api.w.org\/{rel}","templated":true}]}}