{"id":24224,"date":"2022-10-19T08:14:28","date_gmt":"2022-10-19T08:14:28","guid":{"rendered":"https:\/\/neutrale.al\/?p=24224"},"modified":"2022-10-19T08:14:28","modified_gmt":"2022-10-19T08:14:28","slug":"greva-e-pedagogeve-dr-ilir-alimehmeti-mbeshtetje-e-plote-kerkesave-te-tyre","status":"publish","type":"post","link":"https:\/\/neutrale.al\/index.php\/2022\/10\/19\/greva-e-pedagogeve-dr-ilir-alimehmeti-mbeshtetje-e-plote-kerkesave-te-tyre\/","title":{"rendered":"Greva e pedagog\u00ebve\/ Dr Ilir Alimehmeti: Mb\u00ebshtetje e plot\u00eb k\u00ebrkesave t\u00eb tyre"},"content":{"rendered":"<p>\ud83d\ude4f Mb\u00ebshtetje e plot\u00eb p\u00ebr protest\u00ebn e Sindikat\u00ebs s\u00eb Punonj\u00ebsve t\u00eb Universiteteve t\u00eb Shqip\u00ebris\u00eb.<\/p>\n<p>\u2757 K\u00ebrkes\u00eb ky\u00e7e:<br \/>\n\ud83d\udc49 Tarifat e student\u00ebve t&#8217;iu kthehen prap\u00eb atyre n\u00eb sh\u00ebrbime, e jo t\u00eb p\u00ebrdoren p\u00ebr paga personeli.<\/p>\n<p>\u2757 Sindikata e Punonj\u00ebsve t\u00eb Universiteteve t\u00eb Shqip\u00ebris\u00eb (SPUSH) \u00ebsht\u00eb e vendosur t\u00eb vijoj\u00eb mb\u00ebshtetjen e k\u00ebrkesave t\u00eb drejtuara Kryeministrit, Ministres s\u00eb Arsimit dhe Sporteve dhe Rektor\u00ebve t\u00eb IAL-ve publike edhe pas premtimeve t\u00eb shpallura publikisht nga Kryeministri p\u00ebr rritjen e pagave t\u00eb stafit akademik t\u00eb IAL-ve publike deri n\u00eb mas\u00ebn 7 % nga Buxheti i Shtetit.<\/p>\n","protected":false},"excerpt":{"rendered":"<p>\ud83d\ude4f Mb\u00ebshtetje e plot\u00eb p\u00ebr protest\u00ebn e Sindikat\u00ebs s\u00eb Punonj\u00ebsve t\u00eb Universiteteve t\u00eb Shqip\u00ebris\u00eb. \u2757 K\u00ebrkes\u00eb ky\u00e7e: \ud83d\udc49 Tarifat e student\u00ebve t&#8217;iu kthehen prap\u00eb atyre n\u00eb sh\u00ebrbime, e jo t\u00eb p\u00ebrdoren p\u00ebr paga personeli. \u2757 Sindikata e Punonj\u00ebsve t\u00eb Universiteteve t\u00eb Shqip\u00ebris\u00eb (SPUSH) \u00ebsht\u00eb e vendosur t\u00eb vijoj\u00eb mb\u00ebshtetjen e k\u00ebrkesave t\u00eb drejtuara Kryeministrit, Ministres [&hellip;]<\/p>\n","protected":false},"author":2,"featured_media":24225,"comment_status":"open","ping_status":"open","sticky":false,"template":"","format":"standard","meta":{"footnotes":""},"categories":[2],"tags":[],"class_list":{"0":"post-24224","1":"post","2":"type-post","3":"status-publish","4":"format-standard","5":"has-post-thumbnail","7":"category-opinione"},"_links":{"self":[{"href":"https:\/\/neutrale.al\/index.php\/wp-json\/wp\/v2\/posts\/24224","targetHints":{"allow":["GET"]}}],"collection":[{"href":"https:\/\/neutrale.al\/index.php\/wp-json\/wp\/v2\/posts"}],"about":[{"href":"https:\/\/neutrale.al\/index.php\/wp-json\/wp\/v2\/types\/post"}],"author":[{"embeddable":true,"href":"https:\/\/neutrale.al\/index.php\/wp-json\/wp\/v2\/users\/2"}],"replies":[{"embeddable":true,"href":"https:\/\/neutrale.al\/index.php\/wp-json\/wp\/v2\/comments?post=24224"}],"version-history":[{"count":1,"href":"https:\/\/neutrale.al\/index.php\/wp-json\/wp\/v2\/posts\/24224\/revisions"}],"predecessor-version":[{"id":24226,"href":"https:\/\/neutrale.al\/index.php\/wp-json\/wp\/v2\/posts\/24224\/revisions\/24226"}],"wp:featuredmedia":[{"embeddable":true,"href":"https:\/\/neutrale.al\/index.php\/wp-json\/wp\/v2\/media\/24225"}],"wp:attachment":[{"href":"https:\/\/neutrale.al\/index.php\/wp-json\/wp\/v2\/media?parent=24224"}],"wp:term":[{"taxonomy":"category","embeddable":true,"href":"https:\/\/neutrale.al\/index.php\/wp-json\/wp\/v2\/categories?post=24224"},{"taxonomy":"post_tag","embeddable":true,"href":"https:\/\/neutrale.al\/index.php\/wp-json\/wp\/v2\/tags?post=24224"}],"curies":[{"name":"wp","href":"https:\/\/api.w.org\/{rel}","templated":true}]}}