{"id":24172,"date":"2022-10-18T17:33:24","date_gmt":"2022-10-18T17:33:24","guid":{"rendered":"https:\/\/neutrale.al\/?p=24172"},"modified":"2022-10-18T17:33:24","modified_gmt":"2022-10-18T17:33:24","slug":"unifikimi-i-pd-se-alibeaj-te-bashkuar-perballe-regjimit-te-rames","status":"publish","type":"post","link":"https:\/\/neutrale.al\/index.php\/2022\/10\/18\/unifikimi-i-pd-se-alibeaj-te-bashkuar-perballe-regjimit-te-rames\/","title":{"rendered":"Unifikimi i PD-s\u00eb\/ Alibeaj: T\u00eb bashkuar p\u00ebrball\u00eb regjimit t\u00eb Ram\u00ebs"},"content":{"rendered":"<p>Kandidat\u00ebt e PD-s\u00eb n\u00eb zgjedhjet lokale duhet t\u00eb p\u00ebrfaq\u00ebsojn\u00eb t\u00eb gjitha flukset n\u00eb baz\u00eb, k\u00ebshtu u shpreh Enkelejd Alibeaj mbas p\u00ebrfundimit t\u00eb mbledhjes s\u00eb grupit parlamentar.<br \/>\n Ai tha se takimi i Gazment Bardhit me Edi Palok\u00ebn kishte si q\u00ebllim pik\u00ebrisht bashkimin, por pa dh\u00ebn\u00eb detaje t\u00eb tjera.<\/p>\n<p>Bardhi, pohoi ai, vuri n\u00eb dijeni deputet\u00ebt p\u00ebr komunikimin q\u00eb pati me Palok\u00ebn.<br \/>\nObjektivi ka qen\u00eb dhe do t\u00eb jet\u00eb bashkimi i Partis\u00eb Demokratike p\u00ebrball\u00eb regjimit t\u00eb Ram\u00ebs.<\/p>\n<p>Alibeaj b\u00ebri thirrje q\u00eb opozita t\u00eb dal\u00eb n\u00eb zgjedhjet lokale,\u00a0me nj\u00eb kandidat\u00eb t\u00eb p\u00ebrbashk\u00ebt i cili t\u00eb p\u00ebrfaq\u00ebsoi t\u00eb gjitha flukset n\u00eb baz\u00ebn e partis\u00eb.<\/p>\n<p>\u201cKa vet\u00ebm nj\u00eb pal dhe kjo \u00ebsht\u00eb Partia Demokratike. Mbledhjet jan\u00eb nj\u00eb, grupi parlamentar \u00ebsht\u00eb nj\u00eb. Kryetari i Grupit \u00ebsht\u00eb Enkelejd Lutfi Alibeaj. Shihni thirrjen q\u00eb ne kemi b\u00ebr\u00eb q\u00eb n\u00eb prill p\u00ebr t\u00eb mos lejuar krijimin e strukturave paralele. T\u00eb pakt\u00ebn p\u00ebr k\u00ebt\u00eb gj\u00eb nuk mund t\u00eb qortohemi. P\u00ebr faktin q\u00eb ne kemi dashur dhe kemi b\u00ebr\u00eb gjith\u00e7ka p\u00ebr t\u00eb qen\u00eb bashk\u00eb. Pavar\u00ebsisht \u00e7oroditjeve q\u00eb ne kemi, n\u00ebse ka nj\u00eb interes t\u00eb t\u00eb gjith\u00eb demokrat\u00ebve dhe mbi t\u00eb gjitha t\u00eb t\u00eb gjith\u00eb shqiptar\u00ebve, \u00ebsht\u00eb q\u00eb nj\u00eb or\u00eb e m\u00eb par\u00eb t\u2019i dalim t\u00eb bashkuar regjimit t\u00eb Edi Ram\u00ebs. P\u00ebr k\u00ebt\u00eb duhet t\u00eb bashkojm\u00eb \u00e7do fluks n\u00eb baz\u00eb pasi ata do t\u2019i v\u00ebn\u00eb shpatullat k\u00ebsaj pune. T\u00eb gjejm\u00eb nj\u00eb kandiat t\u00eb vet\u00ebm q\u00eb t\u00eb p\u00ebrfa\u00ebsoj\u00eb t\u00eb gjitha flukset. T\u00eb gjith\u00eb bashk\u00eb me moral, tha ai.<\/p>\n","protected":false},"excerpt":{"rendered":"<p>Kandidat\u00ebt e PD-s\u00eb n\u00eb zgjedhjet lokale duhet t\u00eb p\u00ebrfaq\u00ebsojn\u00eb t\u00eb gjitha flukset n\u00eb baz\u00eb, k\u00ebshtu u shpreh Enkelejd Alibeaj mbas p\u00ebrfundimit t\u00eb mbledhjes s\u00eb grupit parlamentar. Ai tha se takimi i Gazment Bardhit me Edi Palok\u00ebn kishte si q\u00ebllim pik\u00ebrisht bashkimin, por pa dh\u00ebn\u00eb detaje t\u00eb tjera. Bardhi, pohoi ai, vuri n\u00eb dijeni deputet\u00ebt p\u00ebr [&hellip;]<\/p>\n","protected":false},"author":2,"featured_media":24173,"comment_status":"open","ping_status":"open","sticky":false,"template":"","format":"standard","meta":{"footnotes":""},"categories":[118,9],"tags":[],"class_list":{"0":"post-24172","1":"post","2":"type-post","3":"status-publish","4":"format-standard","5":"has-post-thumbnail","7":"category-kryesore","8":"category-politika"},"_links":{"self":[{"href":"https:\/\/neutrale.al\/index.php\/wp-json\/wp\/v2\/posts\/24172","targetHints":{"allow":["GET"]}}],"collection":[{"href":"https:\/\/neutrale.al\/index.php\/wp-json\/wp\/v2\/posts"}],"about":[{"href":"https:\/\/neutrale.al\/index.php\/wp-json\/wp\/v2\/types\/post"}],"author":[{"embeddable":true,"href":"https:\/\/neutrale.al\/index.php\/wp-json\/wp\/v2\/users\/2"}],"replies":[{"embeddable":true,"href":"https:\/\/neutrale.al\/index.php\/wp-json\/wp\/v2\/comments?post=24172"}],"version-history":[{"count":1,"href":"https:\/\/neutrale.al\/index.php\/wp-json\/wp\/v2\/posts\/24172\/revisions"}],"predecessor-version":[{"id":24174,"href":"https:\/\/neutrale.al\/index.php\/wp-json\/wp\/v2\/posts\/24172\/revisions\/24174"}],"wp:featuredmedia":[{"embeddable":true,"href":"https:\/\/neutrale.al\/index.php\/wp-json\/wp\/v2\/media\/24173"}],"wp:attachment":[{"href":"https:\/\/neutrale.al\/index.php\/wp-json\/wp\/v2\/media?parent=24172"}],"wp:term":[{"taxonomy":"category","embeddable":true,"href":"https:\/\/neutrale.al\/index.php\/wp-json\/wp\/v2\/categories?post=24172"},{"taxonomy":"post_tag","embeddable":true,"href":"https:\/\/neutrale.al\/index.php\/wp-json\/wp\/v2\/tags?post=24172"}],"curies":[{"name":"wp","href":"https:\/\/api.w.org\/{rel}","templated":true}]}}