{"id":24163,"date":"2022-10-18T17:12:33","date_gmt":"2022-10-18T17:12:33","guid":{"rendered":"https:\/\/neutrale.al\/?p=24163"},"modified":"2022-10-18T17:12:33","modified_gmt":"2022-10-18T17:12:33","slug":"cekia-kerkoi-rikthimin-e-vizave-me-shqiperine-blushi-shporrja-e-edi-rames-eshte-mision-patriotik","status":"publish","type":"post","link":"https:\/\/neutrale.al\/index.php\/2022\/10\/18\/cekia-kerkoi-rikthimin-e-vizave-me-shqiperine-blushi-shporrja-e-edi-rames-eshte-mision-patriotik\/","title":{"rendered":"\u00c7ekia k\u00ebrkoi rikthimin e vizave me Shqip\u00ebrin\u00eb\/ Blushi: Shporrja e Edi Ram\u00ebs \u00ebsht\u00eb mision patriotik."},"content":{"rendered":"<p>Mbas k\u00ebrkes\u00ebs s\u00eb qeveris\u00eb \u00c7eke p\u00ebr rikthimin e regjimit t\u00eb vizave me Shqip\u00ebrin\u00eb, ka reaguar Sekretari i P\u00ebrgjithsh\u00ebm i Partis\u00eb s\u00eb Liris\u00eb, Tedi Blushi.<\/p>\n<p>Ai shkruan n\u00eb rrjetet sociale se &#8220;Shqiptar\u00ebt nuk e meritojn\u00eb t\u00eb rikthehen n\u00eb koh\u00ebn kur d\u00ebshp\u00ebrimisht q\u00ebndronin para dyerve t\u00eb ambasadave n\u00eb pritje t\u00eb vizave, p\u00ebr faj t\u00eb Edi Ram\u00ebs, hajdut\u00ebris\u00eb dhe inkriminimit t\u00eb oborrit t\u00eb tij n\u00eb Qeveri&#8221;<\/p>\n<p>Postimi i plot\u00eb:<\/p>\n<p>\ud83c\udde6\ud83c\uddf1\ud83c\uddea\ud83c\uddfa K\u00ebrkesa e \u00c7ekis\u00eb, q\u00eb mban Presidenc\u00ebn e Bashkimit Europian, p\u00ebr rikthimin e regjimit t\u00eb vizave me Shqip\u00ebrin\u00eb \u00ebsht\u00eb nj\u00eb lajm shum\u00eb i r\u00ebnd\u00eb.<br \/>\nShkaku i vet\u00ebm \u00ebsht\u00eb keqqeverisja e Edi Ram\u00ebs, q\u00eb po v\u00eb seriozisht n\u00eb rrezik l\u00ebvizjen e lir\u00eb t\u00eb qytetar\u00ebve, k\u00ebt\u00eb arritje me r\u00ebnd\u00ebsi t\u00eb jasht\u00ebzakonshme, q\u00eb nuk \u00ebsht\u00eb realizuar nga &#8220;Rilindja&#8221;, por q\u00eb po vihet n\u00eb diskutim pas 10 vitesh t\u00eb saj n\u00eb pushtet.<br \/>\nShqiptar\u00ebt nuk e meritojn\u00eb t\u00eb rikthehen n\u00eb koh\u00ebn kur d\u00ebshp\u00ebrimisht q\u00ebndronin para dyerve t\u00eb ambasadave n\u00eb pritje t\u00eb vizave, p\u00ebr faj t\u00eb Edi Ram\u00ebs, hajdut\u00ebris\u00eb dhe inkriminimit t\u00eb oborrit t\u00eb tij n\u00eb Qeveri.<br \/>\n\u00c7do dit\u00eb e Edi Ram\u00ebs n\u00eb pushtet do t\u00eb ket\u00eb pasoja k\u00ebrc\u00ebnuese p\u00ebr lirin\u00eb, t\u00eb drejtat dhe l\u00ebvizjen e qytetar\u00ebve.<br \/>\nShporrja e tij \u00ebsht\u00eb nj\u00eb mision patriotik!<\/p>\n<p><img loading=\"lazy\" loading=\"lazy\" decoding=\"async\" src=\"https:\/\/neutrale.al\/wp-content\/uploads\/2022\/10\/E706D524-D700-4E95-8B4B-3B51DD025EB1-300x207.jpeg\" alt=\"\" width=\"300\" height=\"207\" class=\"alignnone size-medium wp-image-24164\" srcset=\"https:\/\/neutrale.al\/wp-content\/uploads\/2022\/10\/E706D524-D700-4E95-8B4B-3B51DD025EB1-300x207.jpeg 300w, https:\/\/neutrale.al\/wp-content\/uploads\/2022\/10\/E706D524-D700-4E95-8B4B-3B51DD025EB1-768x531.jpeg 768w, https:\/\/neutrale.al\/wp-content\/uploads\/2022\/10\/E706D524-D700-4E95-8B4B-3B51DD025EB1.jpeg 800w\" sizes=\"auto, (max-width: 300px) 100vw, 300px\" \/><\/p>\n","protected":false},"excerpt":{"rendered":"<p>Mbas k\u00ebrkes\u00ebs s\u00eb qeveris\u00eb \u00c7eke p\u00ebr rikthimin e regjimit t\u00eb vizave me Shqip\u00ebrin\u00eb, ka reaguar Sekretari i P\u00ebrgjithsh\u00ebm i Partis\u00eb s\u00eb Liris\u00eb, Tedi Blushi. Ai shkruan n\u00eb rrjetet sociale se &#8220;Shqiptar\u00ebt nuk e meritojn\u00eb t\u00eb rikthehen n\u00eb koh\u00ebn kur d\u00ebshp\u00ebrimisht q\u00ebndronin para dyerve t\u00eb ambasadave n\u00eb pritje t\u00eb vizave, p\u00ebr faj t\u00eb Edi Ram\u00ebs, hajdut\u00ebris\u00eb [&hellip;]<\/p>\n","protected":false},"author":2,"featured_media":24165,"comment_status":"open","ping_status":"open","sticky":false,"template":"","format":"standard","meta":{"footnotes":""},"categories":[118,9],"tags":[],"class_list":{"0":"post-24163","1":"post","2":"type-post","3":"status-publish","4":"format-standard","5":"has-post-thumbnail","7":"category-kryesore","8":"category-politika"},"_links":{"self":[{"href":"https:\/\/neutrale.al\/index.php\/wp-json\/wp\/v2\/posts\/24163","targetHints":{"allow":["GET"]}}],"collection":[{"href":"https:\/\/neutrale.al\/index.php\/wp-json\/wp\/v2\/posts"}],"about":[{"href":"https:\/\/neutrale.al\/index.php\/wp-json\/wp\/v2\/types\/post"}],"author":[{"embeddable":true,"href":"https:\/\/neutrale.al\/index.php\/wp-json\/wp\/v2\/users\/2"}],"replies":[{"embeddable":true,"href":"https:\/\/neutrale.al\/index.php\/wp-json\/wp\/v2\/comments?post=24163"}],"version-history":[{"count":1,"href":"https:\/\/neutrale.al\/index.php\/wp-json\/wp\/v2\/posts\/24163\/revisions"}],"predecessor-version":[{"id":24166,"href":"https:\/\/neutrale.al\/index.php\/wp-json\/wp\/v2\/posts\/24163\/revisions\/24166"}],"wp:featuredmedia":[{"embeddable":true,"href":"https:\/\/neutrale.al\/index.php\/wp-json\/wp\/v2\/media\/24165"}],"wp:attachment":[{"href":"https:\/\/neutrale.al\/index.php\/wp-json\/wp\/v2\/media?parent=24163"}],"wp:term":[{"taxonomy":"category","embeddable":true,"href":"https:\/\/neutrale.al\/index.php\/wp-json\/wp\/v2\/categories?post=24163"},{"taxonomy":"post_tag","embeddable":true,"href":"https:\/\/neutrale.al\/index.php\/wp-json\/wp\/v2\/tags?post=24163"}],"curies":[{"name":"wp","href":"https:\/\/api.w.org\/{rel}","templated":true}]}}