{"id":24121,"date":"2022-10-18T10:12:51","date_gmt":"2022-10-18T10:12:51","guid":{"rendered":"https:\/\/neutrale.al\/?p=24121"},"modified":"2022-10-18T10:12:51","modified_gmt":"2022-10-18T10:12:51","slug":"takim-me-rektoret-rama-ka-pedagoge-te-regjistruar-ne-librin-e-pagave-sikur-punojne-ne-fason-do-shkojme-deri-ne-kontroll-pasurie","status":"publish","type":"post","link":"https:\/\/neutrale.al\/index.php\/2022\/10\/18\/takim-me-rektoret-rama-ka-pedagoge-te-regjistruar-ne-librin-e-pagave-sikur-punojne-ne-fason-do-shkojme-deri-ne-kontroll-pasurie\/","title":{"rendered":"Takim me rektor\u00ebt\/ Rama: Ka pedagog\u00eb t\u00eb regjistruar n\u00eb librin e pagave sikur punojn\u00eb n\u00eb fason, do shkojm\u00eb deri n\u00eb kontroll pasurie"},"content":{"rendered":"<p>Nd\u00ebrsa greva e pedagog\u00ebve po vazhdon, kryeministri Edi Rama ka realizuar nj\u00eb takim \u00a0me rektor\u00ebt e universitete publike dhe private.<\/p>\n<p>N\u00eb fjal\u00ebn e tij ai deklaroi se duhet t\u00eb b\u00ebhet nj\u00eb vler\u00ebsim i thelle ligjor i t\u00eb gjith\u00eb universiteteve.<\/p>\n<p>Rama tha se n\u00eb universitetet private nuk deklarohen pagat e plota dhe se nuk mund t\u00eb pranohet q\u00eb t\u00eb ket\u00eb pedagog\u00eb t\u00eb regjistruar n\u00eb librin e pagave sikur punojn\u00eb n\u00eb fason.<\/p>\n<p>Kryeministri mb\u00ebrriti deri atje sa u shpreh, se n\u00eb rastet q\u00eb ka mosp\u00ebrputhje midis pag\u00ebs s\u00eb deklaruar dhe pag\u00ebs s\u00eb marr\u00eb duhet t\u00eb korrigjohet se procesi do t\u00eb shkoj\u00eb deri n\u00eb kontrollin e pasuris\u00eb.<\/p>\n<p>Midis rektor\u00ebve q\u00eb mor\u00ebn fjal\u00ebn, la p\u00ebrshtypje debati i kryeministrit me rektorin e Universitetit &#8220;Polis&#8221; Besnik Aliaj.<\/p>\n<p>\u201cP\u00ebr pagat ka dhe nj\u00eb element. Ne jemi t\u00eb detyruar q\u00eb t\u00eb b\u00ebjm\u00eb rivler\u00ebsim ligjor t\u00eb thell\u00eb t\u00eb gjith\u00eb universiteve. P\u00ebr shkak t\u00eb nj\u00eb page q\u00eb \u00ebsht\u00eb ende jo e k\u00ebnaqshme n\u00eb universitetin publik, shkojn\u00eb n\u00eb universitete private, aty tjet\u00ebr deklarohet dhe tjet\u00ebr marrin. Ky \u00ebsht\u00eb fakt. Nuk mund ta pranojm\u00eb q\u00eb t\u00eb kemi pedagog\u00eb t\u00eb regjistruar n\u00eb librin e pagave sikur punojn\u00eb n\u00eb fason. N\u00eb rast se ka mosp\u00ebrputhje midis pag\u00ebs s\u00eb deklaruar dhe pag\u00ebs s\u00eb marr\u00eb duhet ta korrigjojn\u00eb se procesi do t\u00eb shkoj\u00eb n\u00eb kontrollin e pasuris\u00eb. Po t\u00eb shohim dypun\u00ebsimin me universitete private, nj\u00eb pjes\u00eb e t\u00eb cilit \u00ebsht\u00eb ca n\u00eb bardh\u00eb dhe ca n\u00eb t\u00eb zez\u00eb jemi n\u00eb tjet\u00ebr realitet\u201d, u shpreh Rama.<\/p>\n","protected":false},"excerpt":{"rendered":"<p>Nd\u00ebrsa greva e pedagog\u00ebve po vazhdon, kryeministri Edi Rama ka realizuar nj\u00eb takim \u00a0me rektor\u00ebt e universitete publike dhe private. N\u00eb fjal\u00ebn e tij ai deklaroi se duhet t\u00eb b\u00ebhet nj\u00eb vler\u00ebsim i thelle ligjor i t\u00eb gjith\u00eb universiteteve. Rama tha se n\u00eb universitetet private nuk deklarohen pagat e plota dhe se nuk mund t\u00eb [&hellip;]<\/p>\n","protected":false},"author":2,"featured_media":24122,"comment_status":"open","ping_status":"open","sticky":false,"template":"","format":"standard","meta":{"footnotes":""},"categories":[118],"tags":[],"class_list":{"0":"post-24121","1":"post","2":"type-post","3":"status-publish","4":"format-standard","5":"has-post-thumbnail","7":"category-kryesore"},"_links":{"self":[{"href":"https:\/\/neutrale.al\/index.php\/wp-json\/wp\/v2\/posts\/24121","targetHints":{"allow":["GET"]}}],"collection":[{"href":"https:\/\/neutrale.al\/index.php\/wp-json\/wp\/v2\/posts"}],"about":[{"href":"https:\/\/neutrale.al\/index.php\/wp-json\/wp\/v2\/types\/post"}],"author":[{"embeddable":true,"href":"https:\/\/neutrale.al\/index.php\/wp-json\/wp\/v2\/users\/2"}],"replies":[{"embeddable":true,"href":"https:\/\/neutrale.al\/index.php\/wp-json\/wp\/v2\/comments?post=24121"}],"version-history":[{"count":1,"href":"https:\/\/neutrale.al\/index.php\/wp-json\/wp\/v2\/posts\/24121\/revisions"}],"predecessor-version":[{"id":24123,"href":"https:\/\/neutrale.al\/index.php\/wp-json\/wp\/v2\/posts\/24121\/revisions\/24123"}],"wp:featuredmedia":[{"embeddable":true,"href":"https:\/\/neutrale.al\/index.php\/wp-json\/wp\/v2\/media\/24122"}],"wp:attachment":[{"href":"https:\/\/neutrale.al\/index.php\/wp-json\/wp\/v2\/media?parent=24121"}],"wp:term":[{"taxonomy":"category","embeddable":true,"href":"https:\/\/neutrale.al\/index.php\/wp-json\/wp\/v2\/categories?post=24121"},{"taxonomy":"post_tag","embeddable":true,"href":"https:\/\/neutrale.al\/index.php\/wp-json\/wp\/v2\/tags?post=24121"}],"curies":[{"name":"wp","href":"https:\/\/api.w.org\/{rel}","templated":true}]}}