{"id":24106,"date":"2022-10-18T10:01:52","date_gmt":"2022-10-18T10:01:52","guid":{"rendered":"https:\/\/neutrale.al\/?p=24106"},"modified":"2022-10-18T10:01:52","modified_gmt":"2022-10-18T10:01:52","slug":"rruga-peshkopi-kukes-e-lene-rrugeve-reagon-deputeti-i-dibres-mziu-ne-10-vite-asnje-investim-ne-infrastrukturen-rrugore","status":"publish","type":"post","link":"https:\/\/neutrale.al\/index.php\/2022\/10\/18\/rruga-peshkopi-kukes-e-lene-rrugeve-reagon-deputeti-i-dibres-mziu-ne-10-vite-asnje-investim-ne-infrastrukturen-rrugore\/","title":{"rendered":"Rruga Peshkopi- Kuk\u00ebs e l\u00ebn\u00eb rrug\u00ebve\/ Reagon deputeti i Dibr\u00ebs, Mziu: N\u00eb 10 vite asnj\u00eb investim n\u00eb infrastruktur\u00ebn rrugore."},"content":{"rendered":"<p>Deputeti demokrat i qarkut Dib\u00ebr, Xhelal Mziu, n\u00eb nj\u00eb postim n\u00eb &#8220;Facebook&#8221;, shkruan se aksi kryesor i lidhjes s\u00eb Peshkopis\u00eb me Kuk\u00ebsin, pra dy qendra qarku, ka degraduar dhe jan\u00eb shnd\u00ebrruar n\u00eb vaska peshku, por pa acuakultur\u00eb.<br \/>\nJa postimi i tij: <\/p>\n<p>\ud83d\udd34  Aksi i rrug\u00ebs nga Peshkopia n\u00eb Kuk\u00ebs, \u00ebsht\u00eb b\u00ebr\u00eb gjith\u00eb gropa si vaska peshku!<\/p>\n<p>\ud83d\udd34  N\u00eb Dib\u00ebr n\u00eb k\u00ebto 10 vite asnj\u00eb investim n\u00eb infrastruktur\u00ebn rrugore, asnj\u00eb rrug\u00eb e re e nd\u00ebrtuar dhe pse jan\u00eb 8 nj\u00ebsi vendore q\u00eb nuk lidhen me asfalt, por dhe akset q\u00eb jan\u00eb nuk riparohen ose nuk mbushen gropat, ve\u00e7 n\u00eb rast zgjedhjesh kujtohen!<\/p>\n<p>\ud83d\udd34  Aksi i rrug\u00ebs Peshkopi &#8211; Kastriot &#8211; Sllov\u00eb &#8211; Kala e Dod\u00ebs, sikur t\u00eb mos mjaftonin gropat e rrug\u00ebs, \u00ebsht\u00eb b\u00ebr\u00eb grryerja e disa segmenteve duke e v\u00ebshtir\u00ebsuar dhe m\u00eb tej qarkullimin e mjeteve!<\/p>\n<p>\ud83d\udd34  Dhe k\u00ebt\u00eb vit si nj\u00eb vit m\u00eb par\u00eb skarifikohet ndonj\u00eb aks rruge 8 muaj para zgjedhjeve, q\u00eb ta v\u00ebshtir\u00ebsoj qarkullimin e mjeteve dhe n\u00eb prag t\u00eb zgjedhjeve t\u00eb hedhin asfaltin elektoral p\u00ebr t\u00eb marr\u00eb votat!<\/p>\n<p>\ud83d\udd34  Dibra \u00ebsht\u00eb qarku me infrastruktur\u00ebn publike m\u00eb t\u00eb shkat\u00ebrruar n\u00eb Shqip\u00ebri, por dhe qarku m\u00eb i varf\u00ebr n\u00eb Shqip\u00ebri kuptohet dhe n\u00eb rajon e Europ\u00eb)!<\/p>\n<p>\ud83d\udd34  Dibra po diskriminohet jo vet\u00ebm politikisht por dhe p\u00ebr shkak t\u00eb krahin\u00ebs nga qeveria e rilindjes!<\/p>\n<p><img loading=\"lazy\" loading=\"lazy\" decoding=\"async\" src=\"https:\/\/neutrale.al\/wp-content\/uploads\/2022\/10\/F1A131DC-1844-45E5-B955-1FAF1538B8B5-225x300.jpeg\" alt=\"\" width=\"225\" height=\"300\" class=\"alignnone size-medium wp-image-24107\" srcset=\"https:\/\/neutrale.al\/wp-content\/uploads\/2022\/10\/F1A131DC-1844-45E5-B955-1FAF1538B8B5-225x300.jpeg 225w, https:\/\/neutrale.al\/wp-content\/uploads\/2022\/10\/F1A131DC-1844-45E5-B955-1FAF1538B8B5.jpeg 720w\" sizes=\"auto, (max-width: 225px) 100vw, 225px\" \/><\/p>\n<p><img loading=\"lazy\" loading=\"lazy\" decoding=\"async\" src=\"https:\/\/neutrale.al\/wp-content\/uploads\/2022\/10\/2E7DFC3E-3986-4AF6-B713-BE16D8112C66-225x300.jpeg\" alt=\"\" width=\"225\" height=\"300\" class=\"alignnone size-medium wp-image-24108\" srcset=\"https:\/\/neutrale.al\/wp-content\/uploads\/2022\/10\/2E7DFC3E-3986-4AF6-B713-BE16D8112C66-225x300.jpeg 225w, https:\/\/neutrale.al\/wp-content\/uploads\/2022\/10\/2E7DFC3E-3986-4AF6-B713-BE16D8112C66.jpeg 720w\" sizes=\"auto, (max-width: 225px) 100vw, 225px\" \/><\/p>\n","protected":false},"excerpt":{"rendered":"<p>Deputeti demokrat i qarkut Dib\u00ebr, Xhelal Mziu, n\u00eb nj\u00eb postim n\u00eb &#8220;Facebook&#8221;, shkruan se aksi kryesor i lidhjes s\u00eb Peshkopis\u00eb me Kuk\u00ebsin, pra dy qendra qarku, ka degraduar dhe jan\u00eb shnd\u00ebrruar n\u00eb vaska peshku, por pa acuakultur\u00eb. Ja postimi i tij: \ud83d\udd34 Aksi i rrug\u00ebs nga Peshkopia n\u00eb Kuk\u00ebs, \u00ebsht\u00eb b\u00ebr\u00eb gjith\u00eb gropa si vaska [&hellip;]<\/p>\n","protected":false},"author":2,"featured_media":24109,"comment_status":"open","ping_status":"open","sticky":false,"template":"","format":"standard","meta":{"footnotes":""},"categories":[9],"tags":[27],"class_list":{"0":"post-24106","1":"post","2":"type-post","3":"status-publish","4":"format-standard","5":"has-post-thumbnail","7":"category-politika","8":"tag-lajme"},"_links":{"self":[{"href":"https:\/\/neutrale.al\/index.php\/wp-json\/wp\/v2\/posts\/24106","targetHints":{"allow":["GET"]}}],"collection":[{"href":"https:\/\/neutrale.al\/index.php\/wp-json\/wp\/v2\/posts"}],"about":[{"href":"https:\/\/neutrale.al\/index.php\/wp-json\/wp\/v2\/types\/post"}],"author":[{"embeddable":true,"href":"https:\/\/neutrale.al\/index.php\/wp-json\/wp\/v2\/users\/2"}],"replies":[{"embeddable":true,"href":"https:\/\/neutrale.al\/index.php\/wp-json\/wp\/v2\/comments?post=24106"}],"version-history":[{"count":1,"href":"https:\/\/neutrale.al\/index.php\/wp-json\/wp\/v2\/posts\/24106\/revisions"}],"predecessor-version":[{"id":24110,"href":"https:\/\/neutrale.al\/index.php\/wp-json\/wp\/v2\/posts\/24106\/revisions\/24110"}],"wp:featuredmedia":[{"embeddable":true,"href":"https:\/\/neutrale.al\/index.php\/wp-json\/wp\/v2\/media\/24109"}],"wp:attachment":[{"href":"https:\/\/neutrale.al\/index.php\/wp-json\/wp\/v2\/media?parent=24106"}],"wp:term":[{"taxonomy":"category","embeddable":true,"href":"https:\/\/neutrale.al\/index.php\/wp-json\/wp\/v2\/categories?post=24106"},{"taxonomy":"post_tag","embeddable":true,"href":"https:\/\/neutrale.al\/index.php\/wp-json\/wp\/v2\/tags?post=24106"}],"curies":[{"name":"wp","href":"https:\/\/api.w.org\/{rel}","templated":true}]}}