{"id":24025,"date":"2022-10-17T15:19:42","date_gmt":"2022-10-17T15:19:42","guid":{"rendered":"https:\/\/neutrale.al\/?p=24025"},"modified":"2022-10-17T15:19:42","modified_gmt":"2022-10-17T15:19:42","slug":"meta-ky-eshte-nje-sistem-i-korruptuar-protesta-per-te-permbysur-regjimin","status":"publish","type":"post","link":"https:\/\/neutrale.al\/index.php\/2022\/10\/17\/meta-ky-eshte-nje-sistem-i-korruptuar-protesta-per-te-permbysur-regjimin\/","title":{"rendered":"Meta: Ky \u00ebsht\u00eb nj\u00eb sistem i korruptuar, protesta p\u00ebr t\u00eb p\u00ebrmbysur regjimin"},"content":{"rendered":"<p>Ilir Meta tha se Partia e Liris\u00eb \u00ebsht\u00eb n\u00eb \u00e7do protest\u00eb ku qytetar\u00ebt k\u00ebrkojn\u00eb t\u00eb drejtat e tyre dhe inkurajojm\u00eb pedagog\u00ebt dhe grupet e interesit.<br \/>\nReagimi i ish presidentit erdhi pasi u pyet p\u00ebr deklarat\u00ebn e ish kryeministrit Sali Berisha q\u00eb paralajm\u00ebroi sot, se shum\u00eb shpejt do t\u00eb nisin protesta masive.<\/p>\n<p>Pyetje: Berisha paralajm\u00ebroi protesta masive, a jeni bashk\u00eb?<\/p>\n<p>Ilir Meta:\u00a0Jemi me \u00e7do protest\u00eb q\u00eb b\u00ebhet n\u00eb Shqip\u00ebri dhe inkurajoj dhe nj\u00eb her\u00eb pedagog\u00ebt dhe grupet e interesit t\u00eb shfryt\u00ebzojn\u00eb t\u00eb drejtat q\u00eb i jep kushtetuta p\u00ebr t\u00eb mbrojtur t\u00eb drejtat e tyre<\/p>\n<p>Protestat jan\u00eb t\u00eb domosdoshme p\u00ebr t\u00eb p\u00ebrmbysur k\u00ebt\u00eb regjim e sistem t\u00eb korruptuar.<\/p>\n","protected":false},"excerpt":{"rendered":"<p>Ilir Meta tha se Partia e Liris\u00eb \u00ebsht\u00eb n\u00eb \u00e7do protest\u00eb ku qytetar\u00ebt k\u00ebrkojn\u00eb t\u00eb drejtat e tyre dhe inkurajojm\u00eb pedagog\u00ebt dhe grupet e interesit. Reagimi i ish presidentit erdhi pasi u pyet p\u00ebr deklarat\u00ebn e ish kryeministrit Sali Berisha q\u00eb paralajm\u00ebroi sot, se shum\u00eb shpejt do t\u00eb nisin protesta masive. Pyetje: Berisha paralajm\u00ebroi protesta [&hellip;]<\/p>\n","protected":false},"author":2,"featured_media":24026,"comment_status":"open","ping_status":"open","sticky":false,"template":"","format":"standard","meta":{"footnotes":""},"categories":[118,9],"tags":[],"class_list":{"0":"post-24025","1":"post","2":"type-post","3":"status-publish","4":"format-standard","5":"has-post-thumbnail","7":"category-kryesore","8":"category-politika"},"_links":{"self":[{"href":"https:\/\/neutrale.al\/index.php\/wp-json\/wp\/v2\/posts\/24025","targetHints":{"allow":["GET"]}}],"collection":[{"href":"https:\/\/neutrale.al\/index.php\/wp-json\/wp\/v2\/posts"}],"about":[{"href":"https:\/\/neutrale.al\/index.php\/wp-json\/wp\/v2\/types\/post"}],"author":[{"embeddable":true,"href":"https:\/\/neutrale.al\/index.php\/wp-json\/wp\/v2\/users\/2"}],"replies":[{"embeddable":true,"href":"https:\/\/neutrale.al\/index.php\/wp-json\/wp\/v2\/comments?post=24025"}],"version-history":[{"count":1,"href":"https:\/\/neutrale.al\/index.php\/wp-json\/wp\/v2\/posts\/24025\/revisions"}],"predecessor-version":[{"id":24027,"href":"https:\/\/neutrale.al\/index.php\/wp-json\/wp\/v2\/posts\/24025\/revisions\/24027"}],"wp:featuredmedia":[{"embeddable":true,"href":"https:\/\/neutrale.al\/index.php\/wp-json\/wp\/v2\/media\/24026"}],"wp:attachment":[{"href":"https:\/\/neutrale.al\/index.php\/wp-json\/wp\/v2\/media?parent=24025"}],"wp:term":[{"taxonomy":"category","embeddable":true,"href":"https:\/\/neutrale.al\/index.php\/wp-json\/wp\/v2\/categories?post=24025"},{"taxonomy":"post_tag","embeddable":true,"href":"https:\/\/neutrale.al\/index.php\/wp-json\/wp\/v2\/tags?post=24025"}],"curies":[{"name":"wp","href":"https:\/\/api.w.org\/{rel}","templated":true}]}}