{"id":23883,"date":"2022-10-16T09:13:39","date_gmt":"2022-10-16T09:13:39","guid":{"rendered":"https:\/\/neutrale.al\/?p=23883"},"modified":"2022-10-16T09:13:39","modified_gmt":"2022-10-16T09:13:39","slug":"gjirokaster-arrestohet-33-vjecari-priste-pyjet-por-zoteronte-dhe-kanabis","status":"publish","type":"post","link":"https:\/\/neutrale.al\/index.php\/2022\/10\/16\/gjirokaster-arrestohet-33-vjecari-priste-pyjet-por-zoteronte-dhe-kanabis\/","title":{"rendered":"Gjirokast\u00ebr\/ Arrestohet 33- vje\u00e7ari, priste pyjet, por zot\u00ebronte dhe kanabis."},"content":{"rendered":"<p>Policia njofton, se u kap duke transportuar 4 m\u00b3 dru t\u00eb prer\u00eb n\u00eb m\u00ebnyr\u00eb t\u00eb kund\u00ebrligjshme dhe pas kontrollit n\u00eb banes\u00eb iu gjet nj\u00eb sasi kanabisi, vihet n\u00eb pranga 33-ve\u00e7ari.<\/p>\n<p>Sekuestrohen l\u00ebnda narkotike, drur\u00ebt e prer\u00eb n\u00eb m\u00ebnyr\u00eb t\u00eb kund\u00ebrligjshme dhe automjeti me t\u00eb cilin transportonte drur\u00ebt i arrestuari.<\/p>\n<p>Njoftimi i plot\u00eb:<\/p>\n<p>Finalizohet nga Komisariati i Policis\u00eb Gjirokast\u00ebr, operacioni policor i koduar &#8220;Forest&#8221;.<\/p>\n<p>U kap duke transportuar 4 m\u00b3 dru t\u00eb prer\u00eb n\u00eb m\u00ebnyr\u00eb t\u00eb kund\u00ebrligjshme dhe pas kontrollit n\u00eb banes\u00eb iu gjet nj\u00eb sasi kanabisi, vihet n\u00eb pranga 33-ve\u00e7ari.<\/p>\n<p>Sekuestrohen l\u00ebnda narkotike, drur\u00ebt e prer\u00eb n\u00eb m\u00ebnyr\u00eb t\u00eb kund\u00ebrligjshme dhe automjeti me t\u00eb cilin transportonte drur\u00ebt, i arrestuari.<\/p>\n<p>Sh\u00ebrbimet e Policis\u00eb, n\u00eb vijim t\u00eb pun\u00ebs p\u00ebr parandalimin, evidentimin dhe goditjen e paligjshm\u00ebrive, si dhe mb\u00ebshtetur me inteligjenc\u00eb informative, finalizuan operacionin policor t\u00eb koduar &#8220;Forest&#8221;, n\u00eb kuad\u00ebr t\u00eb t\u00eb cilit u arrestua n\u00eb flagranc\u00eb shtetasi:<\/p>\n<p>-T. B., 33 vje\u00e7, banues n\u00eb \u00c7epun\u00eb, Gjirokast\u00ebr, pasi u kap nga sh\u00ebrbimet e Policis\u00eb, n\u00eb af\u00ebrsi t\u00eb fshatit Zenelaj, duke transportuar me automjet, 4 m\u00b3 dru, t\u00eb prera pa lejen p\u00ebrkat\u00ebse.  <\/p>\n<p>N\u00eb vijim t\u00eb veprimeve, n\u00eb kuad\u00ebr t\u00eb operacionit \u201cForest\u201d, u ushtrua kontroll n\u00eb banes\u00ebn e shtetasit T. B., ku u gjet nj\u00eb sasi l\u00ebnde e dyshuar narkotike cannabis sativa .<\/p>\n<p>N\u00eb cil\u00ebsin\u00eb e prov\u00ebs materiale, u sekuestruan l\u00ebnda e dyshuar narkotike cannabis sativa, l\u00ebnda drusore dhe automjeti me t\u00eb cilin transportohej kjo e fundit.<\/p>\n<p>Materialet i kaluan Prokuroris\u00eb pran\u00eb Gjykat\u00ebs s\u00eb Shkall\u00ebs s\u00eb Par\u00eb Gjirokast\u00ebr p\u00ebr veprime t\u00eb m\u00ebtejshme.<\/p>\n","protected":false},"excerpt":{"rendered":"<p>Policia njofton, se u kap duke transportuar 4 m\u00b3 dru t\u00eb prer\u00eb n\u00eb m\u00ebnyr\u00eb t\u00eb kund\u00ebrligjshme dhe pas kontrollit n\u00eb banes\u00eb iu gjet nj\u00eb sasi kanabisi, vihet n\u00eb pranga 33-ve\u00e7ari. Sekuestrohen l\u00ebnda narkotike, drur\u00ebt e prer\u00eb n\u00eb m\u00ebnyr\u00eb t\u00eb kund\u00ebrligjshme dhe automjeti me t\u00eb cilin transportonte drur\u00ebt i arrestuari. Njoftimi i plot\u00eb: Finalizohet nga Komisariati [&hellip;]<\/p>\n","protected":false},"author":2,"featured_media":23884,"comment_status":"open","ping_status":"open","sticky":false,"template":"","format":"standard","meta":{"footnotes":""},"categories":[117],"tags":[27],"class_list":{"0":"post-23883","1":"post","2":"type-post","3":"status-publish","4":"format-standard","5":"has-post-thumbnail","7":"category-aktualitet","8":"tag-lajme"},"_links":{"self":[{"href":"https:\/\/neutrale.al\/index.php\/wp-json\/wp\/v2\/posts\/23883","targetHints":{"allow":["GET"]}}],"collection":[{"href":"https:\/\/neutrale.al\/index.php\/wp-json\/wp\/v2\/posts"}],"about":[{"href":"https:\/\/neutrale.al\/index.php\/wp-json\/wp\/v2\/types\/post"}],"author":[{"embeddable":true,"href":"https:\/\/neutrale.al\/index.php\/wp-json\/wp\/v2\/users\/2"}],"replies":[{"embeddable":true,"href":"https:\/\/neutrale.al\/index.php\/wp-json\/wp\/v2\/comments?post=23883"}],"version-history":[{"count":1,"href":"https:\/\/neutrale.al\/index.php\/wp-json\/wp\/v2\/posts\/23883\/revisions"}],"predecessor-version":[{"id":23885,"href":"https:\/\/neutrale.al\/index.php\/wp-json\/wp\/v2\/posts\/23883\/revisions\/23885"}],"wp:featuredmedia":[{"embeddable":true,"href":"https:\/\/neutrale.al\/index.php\/wp-json\/wp\/v2\/media\/23884"}],"wp:attachment":[{"href":"https:\/\/neutrale.al\/index.php\/wp-json\/wp\/v2\/media?parent=23883"}],"wp:term":[{"taxonomy":"category","embeddable":true,"href":"https:\/\/neutrale.al\/index.php\/wp-json\/wp\/v2\/categories?post=23883"},{"taxonomy":"post_tag","embeddable":true,"href":"https:\/\/neutrale.al\/index.php\/wp-json\/wp\/v2\/tags?post=23883"}],"curies":[{"name":"wp","href":"https:\/\/api.w.org\/{rel}","templated":true}]}}