{"id":23841,"date":"2022-10-15T19:53:39","date_gmt":"2022-10-15T19:53:39","guid":{"rendered":"https:\/\/neutrale.al\/?p=23841"},"modified":"2022-10-15T19:53:39","modified_gmt":"2022-10-15T19:53:39","slug":"kriza-feste-pa-shkak-ka-erseka-por-ska-njerez","status":"publish","type":"post","link":"https:\/\/neutrale.al\/index.php\/2022\/10\/15\/kriza-feste-pa-shkak-ka-erseka-por-ska-njerez\/","title":{"rendered":"Kriza\/ Fest\u00eb pa shkak ka Erseka, por s&#8217;ka njer\u00ebz"},"content":{"rendered":"<p>N\u00ebn shembullin e bashkis\u00eb Tiran\u00eb edhe Bashkia e Kolonj\u00ebs me qend\u00ebr n\u00eb Ersek\u00eb ka nisur sot koncerte festive.<\/p>\n<p>Jo se nuk duhen aktivitete kulturore e muzikore, por koha, kur vendi dhe familjet shqiptare jan\u00eb n\u00eb zgrip t\u00eb mbijetes\u00ebs, t\u00eb shpenzosh ato pak fonde p\u00ebr koncerte festive duket paradoksale.<\/p>\n<p>E n\u00eb kulmin e k\u00ebsaj krize, n\u00eb Ersek\u00eb, bashkia organizon nj\u00eb koncert show me k\u00ebng\u00ebtarin e madh Aleksand\u00ebr Gjoka.<\/p>\n<p>Burime nga ajo bashki na informojn\u00eb se ky aktivitet do t\u00eb kushtoi 1.2 milion\u00eb lek\u00eb t\u00eb reja.<\/p>\n<p>Buxheti total i bashkis\u00eb Kolonj\u00eb p\u00ebr vitin 2022 \u00ebsht\u00eb rreth 2.5 miliard\u00eb lek t\u00eb vjet\u00ebr dhe \u00e7do qindark\u00eb aty mbetet e shtrenjt\u00eb.<\/p>\n<p>Aq m\u00eb tep\u00ebr q\u00eb koncerti zhvillohet pa ndonj\u00eb rast.<\/p>\n<p>Gjith\u00ebsesi Aleksand\u00ebr Gjoka \u00ebsht\u00eb nj\u00eb k\u00ebng\u00ebtar i madh, por  pjes\u00ebmarja \u00ebsht\u00eb p\u00ebr t\u00eb ardhur keq, na shkruan nj\u00eb d\u00ebshmitar okular.<\/p>\n<p>Kolonjar\u00ebt nuk kan\u00eb braktisur k\u00ebng\u00ebtarin, por skamja dhe varf\u00ebria jan\u00eb shkak q\u00eb ata t\u00eb mungonin.<br \/>\nNjer\u00ebzit akoma s&#8217;kan\u00eb zbritur nga mali seose ndodhen duke mbledhur bim\u00eb medicinale dhe t\u00eb tjer\u00ebt jan\u00eb t\u00eb larguar jasht\u00eb shtetit, shkruan banori i zon\u00ebs.<\/p>\n<p>Nd\u00ebrkoh\u00eb n\u00eb situat\u00ebn m\u00eb t\u00eb keqe ekonomike p\u00ebr kolonjaret, kryetari bashkis\u00eb organizon evente dhe koncerte p\u00ebr t\u00eb k\u00ebnaqur ndjek\u00ebsit e partis\u00eb dhe ata pak rrog\u00ebtar\u00eb shteti q\u00eb ende jan\u00eb n\u00eb ato zona.<br \/>\nPjesa d\u00ebrmuese e qytetit vuan munges\u00ebn e druve t\u00eb zjarit , kryetari le t\u00eb bllokuar shp\u00ebrndarjen e tyre deri sa keshilli bashkiak t\u00eb vendos\u00eb tarif\u00ebn e re t\u00eb druve q\u00eb n\u00ebnkupton \u201crritje \u00e7mimi \u201d.<br \/>\nP\u00ebr banor\u00ebt e nj\u00ebrit nd\u00ebr qytetet m\u00eb t\u00eb ftohta t\u00eb vendit nd\u00ebrthuret acari i dimrit me skamjen.<br \/>\nKryetari artdash\u00ebs organizon  \u201caheng\u201d p\u00ebr t\u00eb &#8220;entuzizamuar&#8221; banor\u00ebt kolonjar\u00eb<\/p>\n","protected":false},"excerpt":{"rendered":"<p>N\u00ebn shembullin e bashkis\u00eb Tiran\u00eb edhe Bashkia e Kolonj\u00ebs me qend\u00ebr n\u00eb Ersek\u00eb ka nisur sot koncerte festive. Jo se nuk duhen aktivitete kulturore e muzikore, por koha, kur vendi dhe familjet shqiptare jan\u00eb n\u00eb zgrip t\u00eb mbijetes\u00ebs, t\u00eb shpenzosh ato pak fonde p\u00ebr koncerte festive duket paradoksale. E n\u00eb kulmin e k\u00ebsaj krize, n\u00eb [&hellip;]<\/p>\n","protected":false},"author":2,"featured_media":23842,"comment_status":"open","ping_status":"open","sticky":false,"template":"","format":"standard","meta":{"footnotes":""},"categories":[117],"tags":[27],"class_list":{"0":"post-23841","1":"post","2":"type-post","3":"status-publish","4":"format-standard","5":"has-post-thumbnail","7":"category-aktualitet","8":"tag-lajme"},"_links":{"self":[{"href":"https:\/\/neutrale.al\/index.php\/wp-json\/wp\/v2\/posts\/23841","targetHints":{"allow":["GET"]}}],"collection":[{"href":"https:\/\/neutrale.al\/index.php\/wp-json\/wp\/v2\/posts"}],"about":[{"href":"https:\/\/neutrale.al\/index.php\/wp-json\/wp\/v2\/types\/post"}],"author":[{"embeddable":true,"href":"https:\/\/neutrale.al\/index.php\/wp-json\/wp\/v2\/users\/2"}],"replies":[{"embeddable":true,"href":"https:\/\/neutrale.al\/index.php\/wp-json\/wp\/v2\/comments?post=23841"}],"version-history":[{"count":1,"href":"https:\/\/neutrale.al\/index.php\/wp-json\/wp\/v2\/posts\/23841\/revisions"}],"predecessor-version":[{"id":23843,"href":"https:\/\/neutrale.al\/index.php\/wp-json\/wp\/v2\/posts\/23841\/revisions\/23843"}],"wp:featuredmedia":[{"embeddable":true,"href":"https:\/\/neutrale.al\/index.php\/wp-json\/wp\/v2\/media\/23842"}],"wp:attachment":[{"href":"https:\/\/neutrale.al\/index.php\/wp-json\/wp\/v2\/media?parent=23841"}],"wp:term":[{"taxonomy":"category","embeddable":true,"href":"https:\/\/neutrale.al\/index.php\/wp-json\/wp\/v2\/categories?post=23841"},{"taxonomy":"post_tag","embeddable":true,"href":"https:\/\/neutrale.al\/index.php\/wp-json\/wp\/v2\/tags?post=23841"}],"curies":[{"name":"wp","href":"https:\/\/api.w.org\/{rel}","templated":true}]}}