{"id":23787,"date":"2022-10-15T13:11:21","date_gmt":"2022-10-15T13:11:21","guid":{"rendered":"https:\/\/neutrale.al\/?p=23787"},"modified":"2022-10-15T13:11:21","modified_gmt":"2022-10-15T13:11:21","slug":"kurbin-arrestohet-24-vjecari-i-denuar-dhe-shpallur-ne-kerkim-per-vjedhje","status":"publish","type":"post","link":"https:\/\/neutrale.al\/index.php\/2022\/10\/15\/kurbin-arrestohet-24-vjecari-i-denuar-dhe-shpallur-ne-kerkim-per-vjedhje\/","title":{"rendered":"Kurbin \/ Arrestohet 24 vje\u00e7ari i d\u00ebnuar dhe shpallur n\u00eb k\u00ebrkim p\u00ebr vjedhje"},"content":{"rendered":"<p>Uniformat blu nisur nga informacionet e marra n\u00eb rrug\u00eb operative, kan\u00eb lokalizuar dhe kapur n\u00eb fshatin Sanxhak, shtetasin e shpallur n\u00eb k\u00ebrkim: <\/p>\n<p>&#8211; Orges Filaj, 24 vje\u00e7, banues n\u00eb Kurbin, pasi Gjykata e Rrethit Gjyq\u00ebsor Tiran\u00eb, e ka d\u00ebnuar me 2 vjet burgim p\u00ebr veprat penale &#8220;Vjedhja&#8221; dhe &#8220;Largimi i t\u00eb burgosurit nga vendi i q\u00ebndrimit&#8221;.<\/p>\n<p>Njoftimi:<\/p>\n<p> Koordinimi i veprimeve policore me DVP Tiran\u00eb b\u00ebn t\u00eb mundur v\u00ebnien n\u00eb pranga t\u00eb nj\u00eb 24-vje\u00e7ari t\u00eb k\u00ebrkuar p\u00ebr vjedhje.<\/p>\n<p>Sh\u00ebrbimet e Komisariatit t\u00eb Policis\u00eb Kurbin, si rezultat i veprimeve t\u00eb koordinuara policore dhe shk\u00ebmbimit t\u00eb informacionit me struktura t\u00eb tjera, me q\u00ebllim kapjen e personave n\u00eb k\u00ebrkim dhe vendosjen e tyre para p\u00ebrgjegj\u00ebsis\u00eb ligjore, si dhe bazuar n\u00eb informacionet e marra n\u00eb rrug\u00eb operative, kan\u00eb lokalizuar dhe kapur n\u00eb fshatin Sanxhak, shtetasin e shpallur n\u00eb k\u00ebrkim: <\/p>\n<p>&#8211; Orges Filaj, 24 vje\u00e7, banues n\u00eb Kurbin, pasi Gjykata e Rrethit Gjyq\u00ebsor Tiran\u00eb, e ka d\u00ebnuar me 2 vjet burgim p\u00ebr veprat penale &#8220;Vjedhja&#8221; dhe &#8220;Largimi i t\u00eb burgosurit nga vendi i q\u00ebndrimit&#8221;.<\/p>\n<p>I ndaluari iu dor\u00ebzua sh\u00ebrbimeve t\u00eb Drejtoris\u00eb Vendore t\u00eb Policis\u00eb Tiran\u00eb, p\u00ebr veprime t\u00eb m\u00ebtejshme procedurale.<\/p>\n","protected":false},"excerpt":{"rendered":"<p>Uniformat blu nisur nga informacionet e marra n\u00eb rrug\u00eb operative, kan\u00eb lokalizuar dhe kapur n\u00eb fshatin Sanxhak, shtetasin e shpallur n\u00eb k\u00ebrkim: &#8211; Orges Filaj, 24 vje\u00e7, banues n\u00eb Kurbin, pasi Gjykata e Rrethit Gjyq\u00ebsor Tiran\u00eb, e ka d\u00ebnuar me 2 vjet burgim p\u00ebr veprat penale &#8220;Vjedhja&#8221; dhe &#8220;Largimi i t\u00eb burgosurit nga vendi i [&hellip;]<\/p>\n","protected":false},"author":2,"featured_media":23788,"comment_status":"open","ping_status":"open","sticky":false,"template":"","format":"standard","meta":{"footnotes":""},"categories":[117],"tags":[27],"class_list":{"0":"post-23787","1":"post","2":"type-post","3":"status-publish","4":"format-standard","5":"has-post-thumbnail","7":"category-aktualitet","8":"tag-lajme"},"_links":{"self":[{"href":"https:\/\/neutrale.al\/index.php\/wp-json\/wp\/v2\/posts\/23787","targetHints":{"allow":["GET"]}}],"collection":[{"href":"https:\/\/neutrale.al\/index.php\/wp-json\/wp\/v2\/posts"}],"about":[{"href":"https:\/\/neutrale.al\/index.php\/wp-json\/wp\/v2\/types\/post"}],"author":[{"embeddable":true,"href":"https:\/\/neutrale.al\/index.php\/wp-json\/wp\/v2\/users\/2"}],"replies":[{"embeddable":true,"href":"https:\/\/neutrale.al\/index.php\/wp-json\/wp\/v2\/comments?post=23787"}],"version-history":[{"count":1,"href":"https:\/\/neutrale.al\/index.php\/wp-json\/wp\/v2\/posts\/23787\/revisions"}],"predecessor-version":[{"id":23789,"href":"https:\/\/neutrale.al\/index.php\/wp-json\/wp\/v2\/posts\/23787\/revisions\/23789"}],"wp:featuredmedia":[{"embeddable":true,"href":"https:\/\/neutrale.al\/index.php\/wp-json\/wp\/v2\/media\/23788"}],"wp:attachment":[{"href":"https:\/\/neutrale.al\/index.php\/wp-json\/wp\/v2\/media?parent=23787"}],"wp:term":[{"taxonomy":"category","embeddable":true,"href":"https:\/\/neutrale.al\/index.php\/wp-json\/wp\/v2\/categories?post=23787"},{"taxonomy":"post_tag","embeddable":true,"href":"https:\/\/neutrale.al\/index.php\/wp-json\/wp\/v2\/tags?post=23787"}],"curies":[{"name":"wp","href":"https:\/\/api.w.org\/{rel}","templated":true}]}}