{"id":23766,"date":"2022-10-15T07:51:22","date_gmt":"2022-10-15T07:51:22","guid":{"rendered":"https:\/\/neutrale.al\/?p=23766"},"modified":"2022-10-15T07:51:22","modified_gmt":"2022-10-15T07:51:22","slug":"sot-78-vjec-berisha-udhetoj-njeheras-ne-dy-stine-vjeshta-e-jetes-pranvera-politike","status":"publish","type":"post","link":"https:\/\/neutrale.al\/index.php\/2022\/10\/15\/sot-78-vjec-berisha-udhetoj-njeheras-ne-dy-stine-vjeshta-e-jetes-pranvera-politike\/","title":{"rendered":"Sot 78 vje\u00e7\/ Berisha: Udh\u00ebtoj nj\u00ebheras n\u00eb dy stin\u00eb, vjeshta e jet\u00ebs, pranvera politike"},"content":{"rendered":"<p>Ky \u00ebsht\u00eb sh\u00ebnimi q\u00eb b\u00ebn ish-kryeministri Sali Berisha n\u00eb dit\u00ebn e lindjes s\u00eb tij.<br \/>\nMir\u00ebnjohje t\u00eb pakufishme familjes time dhe t\u00eb gjith\u00ebve ju miq !<\/p>\n<p>Ja postimi:<\/p>\n<p>Sot 78 vje\u00e7! Udh\u00ebtoj nj\u00ebheras n\u00eb dy stin\u00eb.<\/p>\n<p>N\u00eb vjesht\u00ebn e bukur t\u00eb jet\u00ebs  dhe,<br \/>\nn\u00eb nj\u00eb pranver\u00eb t\u00eb re politike! Lavdi Zotit! Mir\u00ebnjohje t\u00eb pakufishme familjes time dhe t\u00eb gjith\u00ebve ju miq. sb<\/p>\n","protected":false},"excerpt":{"rendered":"<p>Ky \u00ebsht\u00eb sh\u00ebnimi q\u00eb b\u00ebn ish-kryeministri Sali Berisha n\u00eb dit\u00ebn e lindjes s\u00eb tij. Mir\u00ebnjohje t\u00eb pakufishme familjes time dhe t\u00eb gjith\u00ebve ju miq ! Ja postimi: Sot 78 vje\u00e7! Udh\u00ebtoj nj\u00ebheras n\u00eb dy stin\u00eb. N\u00eb vjesht\u00ebn e bukur t\u00eb jet\u00ebs dhe, n\u00eb nj\u00eb pranver\u00eb t\u00eb re politike! Lavdi Zotit! Mir\u00ebnjohje t\u00eb pakufishme familjes time [&hellip;]<\/p>\n","protected":false},"author":2,"featured_media":23767,"comment_status":"open","ping_status":"open","sticky":false,"template":"","format":"standard","meta":{"footnotes":""},"categories":[118,9],"tags":[],"class_list":{"0":"post-23766","1":"post","2":"type-post","3":"status-publish","4":"format-standard","5":"has-post-thumbnail","7":"category-kryesore","8":"category-politika"},"_links":{"self":[{"href":"https:\/\/neutrale.al\/index.php\/wp-json\/wp\/v2\/posts\/23766","targetHints":{"allow":["GET"]}}],"collection":[{"href":"https:\/\/neutrale.al\/index.php\/wp-json\/wp\/v2\/posts"}],"about":[{"href":"https:\/\/neutrale.al\/index.php\/wp-json\/wp\/v2\/types\/post"}],"author":[{"embeddable":true,"href":"https:\/\/neutrale.al\/index.php\/wp-json\/wp\/v2\/users\/2"}],"replies":[{"embeddable":true,"href":"https:\/\/neutrale.al\/index.php\/wp-json\/wp\/v2\/comments?post=23766"}],"version-history":[{"count":1,"href":"https:\/\/neutrale.al\/index.php\/wp-json\/wp\/v2\/posts\/23766\/revisions"}],"predecessor-version":[{"id":23768,"href":"https:\/\/neutrale.al\/index.php\/wp-json\/wp\/v2\/posts\/23766\/revisions\/23768"}],"wp:featuredmedia":[{"embeddable":true,"href":"https:\/\/neutrale.al\/index.php\/wp-json\/wp\/v2\/media\/23767"}],"wp:attachment":[{"href":"https:\/\/neutrale.al\/index.php\/wp-json\/wp\/v2\/media?parent=23766"}],"wp:term":[{"taxonomy":"category","embeddable":true,"href":"https:\/\/neutrale.al\/index.php\/wp-json\/wp\/v2\/categories?post=23766"},{"taxonomy":"post_tag","embeddable":true,"href":"https:\/\/neutrale.al\/index.php\/wp-json\/wp\/v2\/tags?post=23766"}],"curies":[{"name":"wp","href":"https:\/\/api.w.org\/{rel}","templated":true}]}}