{"id":23763,"date":"2022-10-15T07:32:40","date_gmt":"2022-10-15T07:32:40","guid":{"rendered":"https:\/\/neutrale.al\/?p=23763"},"modified":"2022-10-15T07:32:40","modified_gmt":"2022-10-15T07:32:40","slug":"15-tetor-sali-berisha-sot-feston-ditelindjen","status":"publish","type":"post","link":"https:\/\/neutrale.al\/index.php\/2022\/10\/15\/15-tetor-sali-berisha-sot-feston-ditelindjen\/","title":{"rendered":"15 tetor, Sali Berisha sot feston dit\u00eblindjen"},"content":{"rendered":"<p>Lideri historik i Partis\u00eb Demokratike, Prof.Dr Sali Berisha, ish President i Republik\u00ebs 1992- 1997, ish kryeminist\u00ebr i vendit 2003-2013 dhe aktualisht kreu i opozit\u00ebs shqiptare, feston sot 78 vjetorin e lindjes.<\/p>\n","protected":false},"excerpt":{"rendered":"<p>Lideri historik i Partis\u00eb Demokratike, Prof.Dr Sali Berisha, ish President i Republik\u00ebs 1992- 1997, ish kryeminist\u00ebr i vendit 2003-2013 dhe aktualisht kreu i opozit\u00ebs shqiptare, feston sot 78 vjetorin e lindjes.<\/p>\n","protected":false},"author":2,"featured_media":23764,"comment_status":"open","ping_status":"open","sticky":false,"template":"","format":"standard","meta":{"footnotes":""},"categories":[118],"tags":[],"class_list":{"0":"post-23763","1":"post","2":"type-post","3":"status-publish","4":"format-standard","5":"has-post-thumbnail","7":"category-kryesore"},"_links":{"self":[{"href":"https:\/\/neutrale.al\/index.php\/wp-json\/wp\/v2\/posts\/23763","targetHints":{"allow":["GET"]}}],"collection":[{"href":"https:\/\/neutrale.al\/index.php\/wp-json\/wp\/v2\/posts"}],"about":[{"href":"https:\/\/neutrale.al\/index.php\/wp-json\/wp\/v2\/types\/post"}],"author":[{"embeddable":true,"href":"https:\/\/neutrale.al\/index.php\/wp-json\/wp\/v2\/users\/2"}],"replies":[{"embeddable":true,"href":"https:\/\/neutrale.al\/index.php\/wp-json\/wp\/v2\/comments?post=23763"}],"version-history":[{"count":1,"href":"https:\/\/neutrale.al\/index.php\/wp-json\/wp\/v2\/posts\/23763\/revisions"}],"predecessor-version":[{"id":23765,"href":"https:\/\/neutrale.al\/index.php\/wp-json\/wp\/v2\/posts\/23763\/revisions\/23765"}],"wp:featuredmedia":[{"embeddable":true,"href":"https:\/\/neutrale.al\/index.php\/wp-json\/wp\/v2\/media\/23764"}],"wp:attachment":[{"href":"https:\/\/neutrale.al\/index.php\/wp-json\/wp\/v2\/media?parent=23763"}],"wp:term":[{"taxonomy":"category","embeddable":true,"href":"https:\/\/neutrale.al\/index.php\/wp-json\/wp\/v2\/categories?post=23763"},{"taxonomy":"post_tag","embeddable":true,"href":"https:\/\/neutrale.al\/index.php\/wp-json\/wp\/v2\/tags?post=23763"}],"curies":[{"name":"wp","href":"https:\/\/api.w.org\/{rel}","templated":true}]}}