{"id":23760,"date":"2022-10-15T07:31:11","date_gmt":"2022-10-15T07:31:11","guid":{"rendered":"https:\/\/neutrale.al\/?p=23760"},"modified":"2022-10-15T07:31:11","modified_gmt":"2022-10-15T07:31:11","slug":"rama-takohet-me-olaf-scholz-ne-berlin","status":"publish","type":"post","link":"https:\/\/neutrale.al\/index.php\/2022\/10\/15\/rama-takohet-me-olaf-scholz-ne-berlin\/","title":{"rendered":"Rama takohet me Olaf Scholz n\u00eb Berlin"},"content":{"rendered":"<p>Gjat\u00eb q\u00ebndrimit n\u00eb Berlin ku mori pjes\u00eb n\u00eb Kongresin e Partive Socialiste Europiane, kryeministri Edi Rama \u00ebsht\u00eb takuar me kancelarin e Gjermanis\u00eb, Olaf Scholz.<\/p>\n<p>Kreu i qeveris\u00eb shqiptare n\u00eb nj\u00eb status n\u00eb rrjetin social \u201cFacebook\u201d, ka shp\u00ebrndar\u00eb n\u00eb disa foto nga takimi me Scholz, por nuk ka dh\u00ebn\u00eb detaje se \u00e7far\u00eb kan\u00eb biseduar s\u00eb bashku.<\/p>\n<p>Rama shkruan se do t\u00eb jet\u00eb kancelari i Gjermanis\u00eb, ai q\u00eb do t\u00eb mbyll\u00eb k\u00ebt\u00eb kongres.<\/p>\n<p>Ja postimi:<\/p>\n<p>MIR\u00cbM\u00cbNGJES \ud83d\ude0a<\/p>\n<p>dhe nga Berlini, ku sot n\u00eb mesdit\u00eb mbyllet me fjalimin e kancelarit Scholz, Kongresi i Socialist\u00ebve dhe Demokrat\u00ebve Europian\u00eb, ju uroj nj\u00eb fundjav\u00eb t\u00eb mbar\u00eb\ud83d\ude4f<\/p>\n","protected":false},"excerpt":{"rendered":"<p>Gjat\u00eb q\u00ebndrimit n\u00eb Berlin ku mori pjes\u00eb n\u00eb Kongresin e Partive Socialiste Europiane, kryeministri Edi Rama \u00ebsht\u00eb takuar me kancelarin e Gjermanis\u00eb, Olaf Scholz. Kreu i qeveris\u00eb shqiptare n\u00eb nj\u00eb status n\u00eb rrjetin social \u201cFacebook\u201d, ka shp\u00ebrndar\u00eb n\u00eb disa foto nga takimi me Scholz, por nuk ka dh\u00ebn\u00eb detaje se \u00e7far\u00eb kan\u00eb biseduar s\u00eb bashku. [&hellip;]<\/p>\n","protected":false},"author":2,"featured_media":23761,"comment_status":"open","ping_status":"open","sticky":false,"template":"","format":"standard","meta":{"footnotes":""},"categories":[118,9],"tags":[],"class_list":{"0":"post-23760","1":"post","2":"type-post","3":"status-publish","4":"format-standard","5":"has-post-thumbnail","7":"category-kryesore","8":"category-politika"},"_links":{"self":[{"href":"https:\/\/neutrale.al\/index.php\/wp-json\/wp\/v2\/posts\/23760","targetHints":{"allow":["GET"]}}],"collection":[{"href":"https:\/\/neutrale.al\/index.php\/wp-json\/wp\/v2\/posts"}],"about":[{"href":"https:\/\/neutrale.al\/index.php\/wp-json\/wp\/v2\/types\/post"}],"author":[{"embeddable":true,"href":"https:\/\/neutrale.al\/index.php\/wp-json\/wp\/v2\/users\/2"}],"replies":[{"embeddable":true,"href":"https:\/\/neutrale.al\/index.php\/wp-json\/wp\/v2\/comments?post=23760"}],"version-history":[{"count":1,"href":"https:\/\/neutrale.al\/index.php\/wp-json\/wp\/v2\/posts\/23760\/revisions"}],"predecessor-version":[{"id":23762,"href":"https:\/\/neutrale.al\/index.php\/wp-json\/wp\/v2\/posts\/23760\/revisions\/23762"}],"wp:featuredmedia":[{"embeddable":true,"href":"https:\/\/neutrale.al\/index.php\/wp-json\/wp\/v2\/media\/23761"}],"wp:attachment":[{"href":"https:\/\/neutrale.al\/index.php\/wp-json\/wp\/v2\/media?parent=23760"}],"wp:term":[{"taxonomy":"category","embeddable":true,"href":"https:\/\/neutrale.al\/index.php\/wp-json\/wp\/v2\/categories?post=23760"},{"taxonomy":"post_tag","embeddable":true,"href":"https:\/\/neutrale.al\/index.php\/wp-json\/wp\/v2\/tags?post=23760"}],"curies":[{"name":"wp","href":"https:\/\/api.w.org\/{rel}","templated":true}]}}