{"id":23689,"date":"2022-10-14T13:58:40","date_gmt":"2022-10-14T13:58:40","guid":{"rendered":"https:\/\/neutrale.al\/?p=23689"},"modified":"2022-10-14T13:58:40","modified_gmt":"2022-10-14T13:58:40","slug":"meta-shqiperia-ka-nevoje-uleritese-per-lufte-frontale-kunder-droges-krimit-te-organizuar-dhe-korrupsionit","status":"publish","type":"post","link":"https:\/\/neutrale.al\/index.php\/2022\/10\/14\/meta-shqiperia-ka-nevoje-uleritese-per-lufte-frontale-kunder-droges-krimit-te-organizuar-dhe-korrupsionit\/","title":{"rendered":"Meta: Shqip\u00ebria ka nevoj\u00eb ul\u00ebrit\u00ebse p\u00ebr luft\u00eb frontale kund\u00ebr drog\u00ebs, krimit t\u00eb organizuar dhe korrupsionit."},"content":{"rendered":"<p>Ja postimi i tij n\u00eb &#8220;Facebook&#8221;:<\/p>\n<p>N\u00eb 14 tetor 1982, pik\u00ebrisht 40 vjet m\u00eb par\u00eb, Presidenti i SHBA, Ronald Regan do t\u00eb mbante nj\u00eb nga fjalimet e tij historike, duke shpallur luft\u00eb totale kund\u00ebr drog\u00ebs, korrupsionit dhe krimit t\u00eb organizuar.<br \/>\nSot Shqip\u00ebria ka nevoj\u00eb ul\u00ebrit\u00ebse p\u00ebr nj\u00eb luft\u00eb frontale kund\u00ebr drog\u00ebs, krimit t\u00eb organizuar dhe korrupsionit.<br \/>\nVet\u00ebm n\u00eb k\u00ebt\u00eb m\u00ebnyr\u00eb mund t\u00eb rikthejm\u00eb besimin tek sip\u00ebrmarrja vendase dhe investitor\u00ebt e huaj dhe  shpres\u00ebn tek t\u00eb rinjt\u00eb shqiptar\u00eb q\u00eb ata ta nd\u00ebrtojn\u00eb t\u00eb ardhmen e tyre n\u00eb Shqip\u00ebri.<br \/>\nKjo situat\u00eb e r\u00ebnd\u00eb \u00ebsht\u00eb edhe shqet\u00ebsimi madhor n\u00eb Progres-Raportin e fundit t\u00eb Bashkimit Europian.<\/p>\n","protected":false},"excerpt":{"rendered":"<p>Ja postimi i tij n\u00eb &#8220;Facebook&#8221;: N\u00eb 14 tetor 1982, pik\u00ebrisht 40 vjet m\u00eb par\u00eb, Presidenti i SHBA, Ronald Regan do t\u00eb mbante nj\u00eb nga fjalimet e tij historike, duke shpallur luft\u00eb totale kund\u00ebr drog\u00ebs, korrupsionit dhe krimit t\u00eb organizuar. Sot Shqip\u00ebria ka nevoj\u00eb ul\u00ebrit\u00ebse p\u00ebr nj\u00eb luft\u00eb frontale kund\u00ebr drog\u00ebs, krimit t\u00eb organizuar dhe [&hellip;]<\/p>\n","protected":false},"author":2,"featured_media":23690,"comment_status":"open","ping_status":"open","sticky":false,"template":"","format":"standard","meta":{"footnotes":""},"categories":[118,9],"tags":[],"class_list":{"0":"post-23689","1":"post","2":"type-post","3":"status-publish","4":"format-standard","5":"has-post-thumbnail","7":"category-kryesore","8":"category-politika"},"_links":{"self":[{"href":"https:\/\/neutrale.al\/index.php\/wp-json\/wp\/v2\/posts\/23689","targetHints":{"allow":["GET"]}}],"collection":[{"href":"https:\/\/neutrale.al\/index.php\/wp-json\/wp\/v2\/posts"}],"about":[{"href":"https:\/\/neutrale.al\/index.php\/wp-json\/wp\/v2\/types\/post"}],"author":[{"embeddable":true,"href":"https:\/\/neutrale.al\/index.php\/wp-json\/wp\/v2\/users\/2"}],"replies":[{"embeddable":true,"href":"https:\/\/neutrale.al\/index.php\/wp-json\/wp\/v2\/comments?post=23689"}],"version-history":[{"count":1,"href":"https:\/\/neutrale.al\/index.php\/wp-json\/wp\/v2\/posts\/23689\/revisions"}],"predecessor-version":[{"id":23691,"href":"https:\/\/neutrale.al\/index.php\/wp-json\/wp\/v2\/posts\/23689\/revisions\/23691"}],"wp:featuredmedia":[{"embeddable":true,"href":"https:\/\/neutrale.al\/index.php\/wp-json\/wp\/v2\/media\/23690"}],"wp:attachment":[{"href":"https:\/\/neutrale.al\/index.php\/wp-json\/wp\/v2\/media?parent=23689"}],"wp:term":[{"taxonomy":"category","embeddable":true,"href":"https:\/\/neutrale.al\/index.php\/wp-json\/wp\/v2\/categories?post=23689"},{"taxonomy":"post_tag","embeddable":true,"href":"https:\/\/neutrale.al\/index.php\/wp-json\/wp\/v2\/tags?post=23689"}],"curies":[{"name":"wp","href":"https:\/\/api.w.org\/{rel}","templated":true}]}}