{"id":23666,"date":"2022-10-14T07:57:27","date_gmt":"2022-10-14T07:57:27","guid":{"rendered":"https:\/\/neutrale.al\/?p=23666"},"modified":"2022-10-14T07:57:27","modified_gmt":"2022-10-14T07:57:27","slug":"bislimi-ekzistojne-tri-lloje-qendrimesh-per-liberalizimin-e-vizave","status":"publish","type":"post","link":"https:\/\/neutrale.al\/index.php\/2022\/10\/14\/bislimi-ekzistojne-tri-lloje-qendrimesh-per-liberalizimin-e-vizave\/","title":{"rendered":"Bislimi: Ekzistojn\u00eb tri lloje q\u00ebndrimesh p\u00ebr liberalizimin e vizave"},"content":{"rendered":"<p>Z\u00ebvend\u00ebskryeministri i Kosov\u00ebs, Besnik Bislimi, i ka konsideruar si kushte t\u00eb reja, idet\u00eb q\u00eb jan\u00eb diskutuar m\u00eb 13 tetor n\u00eb grupin punues p\u00ebr vizat n\u00eb K\u00ebshillin Evropian, lidhur me liberalizimin e vizave p\u00ebr qytetar\u00ebt e Kosov\u00ebs.<\/p>\n<p>Ai ka th\u00ebn\u00eb p\u00ebr televizionin ATV n\u00eb Kosov\u00eb se ndon\u00ebse asnj\u00eb shtet nuk ka pasur hezitime p\u00ebr liberalizimin e vizave, shtetet an\u00ebtare kan\u00eb pasur tri lloje t\u00eb q\u00ebndrimeve.<\/p>\n<p>\u201cKemi vende t\u00eb cilat pa asnj\u00eb rezerv\u00eb e kan\u00eb p\u00ebrkrahur liberalizimin e menj\u00ebhersh\u00ebm t\u00eb vizave p\u00ebr Kosov\u00ebn, kemi ato shtete, t\u00eb cilat p\u00ebr arsye t\u00eb dinamikave politike nuk kan\u00eb mundur t\u00eb japin q\u00ebndrimin zyrtar, p\u00ebr shkak se disa sosh jan\u00eb n\u00eb mandat teknik t\u00eb qeverive t\u00eb tyre, \u00ebsht\u00eb Italia dhe Suedia, si dhe Danimarka q\u00eb sapo ka paralajm\u00ebruar zgjedhjet e reja. Jan\u00eb edhe vendet pakic\u00eb, t\u00eb cilat nuk e kund\u00ebrshtojn\u00eb liberalizimin e vizave p\u00ebr Kosov\u00ebn, por d\u00ebshirojn\u00eb q\u00eb k\u00ebt\u00eb ta lidhin me disa elemente tjera, t\u00eb cilat p\u00ebr neve jan\u00eb kushte t\u00eb reja, apo kritere t\u00eb reja. Edhe pse ata pretendojn\u00eb se jan\u00eb vet\u00ebm teknikalitete, p\u00ebr ne jan\u00eb kushte t\u00eb reja\u201d.<\/p>\n<p>Bislimi ka th\u00ebn\u00eb se Kosova \u00ebsht\u00eb udh\u00ebzuar q\u00eb t\u00eb p\u00ebrdor\u00eb kanalet e veta bilaterale p\u00ebr t\u00eb diskutuar k\u00ebrkesat e reja, ashtu q\u00eb t\u00eb arrihet konsensus, p\u00ebr t\u00eb shtyr\u00eb p\u00ebrpara procesin n\u00eb mbledhjen e ardhsh\u00ebm t\u00eb grupit punues p\u00ebr viza, q\u00eb mbahet m\u00eb 9-10 n\u00ebntor t\u00eb k\u00ebtij viti.<\/p>\n<p>Ai ka p\u00ebrmendur se n\u00eb takimin e 13 tetorit jan\u00eb shtruar tri \u00e7\u00ebshtje ky\u00e7e: lidhja e liberalizimit t\u00eb vizave p\u00ebr Kosov\u00ebn me funksionalizimin e sistemit ETIAS, harmonizimi i sistemit kosovar t\u00eb vizave me at\u00eb t\u00eb Bashkimit Evropian, si dhe marr\u00ebveshja p\u00ebr riatdhesimin e qytetar\u00ebve.<\/p>\n<p>Edhe Radio Evropa e Lir\u00eb ka marr\u00eb vesh nga burimet e saj m\u00eb her\u00ebt gjat\u00eb dit\u00ebs p\u00ebr propozimin q\u00eb procesi i vizave t\u00eb lidhet me sistemin ETIAS.<\/p>\n<p>Ky propozim besohet se \u00ebsht\u00eb b\u00ebr\u00eb nga zyrtar\u00ebt francez\u00eb, dhe \u00ebsht\u00eb mb\u00ebshtetur prej t\u00eb pakt\u00ebn kat\u00ebr shteteve tjera: Suedis\u00eb, Belgjik\u00ebs, Holand\u00ebs dhe Spanj\u00ebs.<\/p>\n<p>Presidenca \u00e7eke ka th\u00ebn\u00eb p\u00ebrmes nj\u00eb deklarate se n\u00eb m\u00ebnyr\u00eb q\u00eb t\u00eb ecet p\u00ebrpara n\u00eb k\u00ebt\u00eb tem\u00eb, \u201c\u00ebsht\u00eb e domosdoshme q\u00eb t\u00eb qart\u00ebsohen disa \u00e7\u00ebshtje, dhe t\u00eb vazhdohet me diskutimet\u201d.<\/p>\n<p>Si funksionon ETIAS?<\/p>\n<p>ETIAS \u00ebsht\u00eb sistem evropian p\u00ebr autorizim dhe informacione rreth udh\u00ebtimit.<\/p>\n<p>Ky sistem &#8211; krejt\u00ebsisht elektronik &#8211; mund\u00ebson verifikimin e t\u00eb dh\u00ebnave t\u00eb qytetar\u00ebve t\u00eb vendeve t\u00eb treta, q\u00eb nuk nevoj\u00eb p\u00ebr viz\u00eb, p\u00ebr t\u00eb hyr\u00eb n\u00eb Zon\u00ebn Schengen.<\/p>\n<p>Aty k\u00ebrkohet emri, vendi i lindjes, gjinia, komb\u00ebsia dhe secili q\u00eb plot\u00ebson formularin duhet t\u00eb ket\u00eb pasaport\u00eb, email dhe nj\u00eb kartel\u00eb krediti p\u00ebr t\u00eb kryer pages\u00ebn simbolike p\u00ebr k\u00ebt\u00eb dokument.<\/p>\n<p>Autorizimi p\u00ebr udh\u00ebtim l\u00ebshohet shpejt dhe n\u00eb m\u00ebnyr\u00eb automatike, p\u00ebrve\u00e7 n\u00ebse ka dyshime p\u00ebr t\u00eb kund\u00ebrt\u00ebn.<\/p>\n<p>Dokumenti valid ETIAS m\u00eb pas rishikohet nga roja kufitare e shtetit, q\u00eb merr vendimin final p\u00ebr hyrjen potenciale t\u00eb udh\u00ebtarit n\u00eb nj\u00eb vend t\u00eb Zon\u00ebs Schengen.<\/p>\n<p>Procedura ligjore p\u00ebr t\u00eb miratuar sistemin ETIAS ka nisur m\u00eb 2016, dhe sistemi pritet t\u00eb jet\u00eb plot\u00ebsisht operacional brenda vitit 2023 &#8211; pa ndonj\u00eb dat\u00eb t\u00eb sakt\u00eb.<\/p>\n<p>\u201cProcesi i liberalizimit t\u00eb vizave sh\u00ebnoi nj\u00eb hap shum\u00eb t\u00eb r\u00ebnd\u00ebsish\u00ebm p\u00ebrpara\u201d<\/p>\n<p>Ministrja e Pun\u00ebve t\u00eb Jashtme dhe Diaspor\u00ebs n\u00eb Kosov\u00eb, Donika G\u00ebrvalla, ka th\u00ebn\u00eb p\u00ebrmes nj\u00eb postimi n\u00eb Facebook se t\u00eb enjten n\u00eb Bruksel \u201cprocesi i liberalizimit t\u00eb vizave sh\u00ebnoi nj\u00eb hap shum\u00eb t\u00eb r\u00ebnd\u00ebsish\u00ebm p\u00ebrpara\u201d.<\/p>\n<p>\u201cGrupi p\u00ebr Viza mir\u00ebpriti p\u00ebrdit\u00ebsimin nga Komisioni dhe p\u00ebrgjith\u00ebsisht p\u00ebrkrahu vazhdimin e procesit p\u00ebr liberalizimin e vizave p\u00ebr qytetar\u00ebt e Kosov\u00ebs. Nuk pati kund\u00ebrshtime dhe kontestime. Jan\u00eb ngritur \u00e7\u00ebshtje teknike, t\u00eb cilat do t\u00eb adresohen n\u00eb diskutimet e m\u00ebtutjeshme brenda Grupit p\u00ebr Viza, prej ku procesi do t\u00eb vazhdoj\u00eb tutje drejt p\u00ebrmbylljes n\u00eb afatin e rregullt\u201d, ka th\u00ebn\u00eb mes tjerash ajo.<\/p>\n<p>Komisioni Evropian ka rekomanduar liberalizimin e vizave p\u00ebr Kosov\u00ebn m\u00eb 2018.<\/p>\n<p>M\u00eb 12 tetor t\u00eb k\u00ebtij viti, ky Komision ka konfirmuar n\u00eb Raportin vjetor t\u00eb Progresit se mb\u00ebshtet rekomandimin e b\u00ebr\u00eb p\u00ebr heqjen e vizave p\u00ebr Kosov\u00ebn dhe konstatimin se shteti i ka p\u00ebrmbushur t\u00eb gjitha kriteret. REL<\/p>\n<p><img loading=\"lazy\" loading=\"lazy\" decoding=\"async\" src=\"https:\/\/neutrale.al\/wp-content\/uploads\/2022\/10\/EFF6D5E0-DD40-4EAB-A098-1A32D319A90A-300x228.jpeg\" alt=\"\" width=\"300\" height=\"228\" class=\"alignnone size-medium wp-image-23667\" srcset=\"https:\/\/neutrale.al\/wp-content\/uploads\/2022\/10\/EFF6D5E0-DD40-4EAB-A098-1A32D319A90A-300x228.jpeg 300w, https:\/\/neutrale.al\/wp-content\/uploads\/2022\/10\/EFF6D5E0-DD40-4EAB-A098-1A32D319A90A-1024x779.jpeg 1024w, https:\/\/neutrale.al\/wp-content\/uploads\/2022\/10\/EFF6D5E0-DD40-4EAB-A098-1A32D319A90A-768x585.jpeg 768w, https:\/\/neutrale.al\/wp-content\/uploads\/2022\/10\/EFF6D5E0-DD40-4EAB-A098-1A32D319A90A-860x655.jpeg 860w, https:\/\/neutrale.al\/wp-content\/uploads\/2022\/10\/EFF6D5E0-DD40-4EAB-A098-1A32D319A90A.jpeg 1080w\" sizes=\"auto, (max-width: 300px) 100vw, 300px\" \/><\/p>\n","protected":false},"excerpt":{"rendered":"<p>Z\u00ebvend\u00ebskryeministri i Kosov\u00ebs, Besnik Bislimi, i ka konsideruar si kushte t\u00eb reja, idet\u00eb q\u00eb jan\u00eb diskutuar m\u00eb 13 tetor n\u00eb grupin punues p\u00ebr vizat n\u00eb K\u00ebshillin Evropian, lidhur me liberalizimin e vizave p\u00ebr qytetar\u00ebt e Kosov\u00ebs. Ai ka th\u00ebn\u00eb p\u00ebr televizionin ATV n\u00eb Kosov\u00eb se ndon\u00ebse asnj\u00eb shtet nuk ka pasur hezitime p\u00ebr liberalizimin e [&hellip;]<\/p>\n","protected":false},"author":2,"featured_media":23668,"comment_status":"open","ping_status":"open","sticky":false,"template":"","format":"standard","meta":{"footnotes":""},"categories":[6],"tags":[27],"class_list":{"0":"post-23666","1":"post","2":"type-post","3":"status-publish","4":"format-standard","5":"has-post-thumbnail","7":"category-rajoni","8":"tag-lajme"},"_links":{"self":[{"href":"https:\/\/neutrale.al\/index.php\/wp-json\/wp\/v2\/posts\/23666","targetHints":{"allow":["GET"]}}],"collection":[{"href":"https:\/\/neutrale.al\/index.php\/wp-json\/wp\/v2\/posts"}],"about":[{"href":"https:\/\/neutrale.al\/index.php\/wp-json\/wp\/v2\/types\/post"}],"author":[{"embeddable":true,"href":"https:\/\/neutrale.al\/index.php\/wp-json\/wp\/v2\/users\/2"}],"replies":[{"embeddable":true,"href":"https:\/\/neutrale.al\/index.php\/wp-json\/wp\/v2\/comments?post=23666"}],"version-history":[{"count":1,"href":"https:\/\/neutrale.al\/index.php\/wp-json\/wp\/v2\/posts\/23666\/revisions"}],"predecessor-version":[{"id":23669,"href":"https:\/\/neutrale.al\/index.php\/wp-json\/wp\/v2\/posts\/23666\/revisions\/23669"}],"wp:featuredmedia":[{"embeddable":true,"href":"https:\/\/neutrale.al\/index.php\/wp-json\/wp\/v2\/media\/23668"}],"wp:attachment":[{"href":"https:\/\/neutrale.al\/index.php\/wp-json\/wp\/v2\/media?parent=23666"}],"wp:term":[{"taxonomy":"category","embeddable":true,"href":"https:\/\/neutrale.al\/index.php\/wp-json\/wp\/v2\/categories?post=23666"},{"taxonomy":"post_tag","embeddable":true,"href":"https:\/\/neutrale.al\/index.php\/wp-json\/wp\/v2\/tags?post=23666"}],"curies":[{"name":"wp","href":"https:\/\/api.w.org\/{rel}","templated":true}]}}