{"id":23628,"date":"2022-10-13T18:54:46","date_gmt":"2022-10-13T18:54:46","guid":{"rendered":"https:\/\/neutrale.al\/?p=23628"},"modified":"2022-10-13T18:54:46","modified_gmt":"2022-10-13T18:54:46","slug":"xhacka-pret-kryetarin-e-parlamentit-te-kanadase-rota-bashkepunim-i-shkelqyer-ne-nato","status":"publish","type":"post","link":"https:\/\/neutrale.al\/index.php\/2022\/10\/13\/xhacka-pret-kryetarin-e-parlamentit-te-kanadase-rota-bashkepunim-i-shkelqyer-ne-nato\/","title":{"rendered":"Xha\u00e7ka pret Kryetarin e Parlamentit t\u00eb Kanadas\u00eb Rota: Bashk\u00ebpunim i shk\u00eblqyer n\u00eb NATO"},"content":{"rendered":"<p>Ministrja e Jashtme, Olta Xha\u00e7ka, ka pritur pasditen e sotme Kryetarin e Dhom\u00ebs s\u00eb Komun\u00ebve t\u00eb Parlamentit t\u00eb Kanadas\u00eb, Anthony Rota.<\/p>\n<p>Xha\u00e7ka shkruan, se kemi nj\u00eb bashk\u00ebpunim t\u00eb shk\u00eblqyer n\u00eb NATO dhe n\u00eb OKB.<br \/>\nKomuniteti shqiptar n\u00eb Kanada \u00ebsht\u00eb nj\u00eb ur\u00eb q\u00eb bashkon vendet tona, thekson ajo.<\/p>\n<p>Postimi i plot\u00eb:<\/p>\n<p>\ud83d\udcbc E nderuar t\u00eb mir\u00ebprisja sot n\u00eb Tiran\u00eb Kryetarin e Dhom\u00ebs s\u00eb Komun\u00ebve t\u00eb Parlamentit t\u00eb Kanadas\u00eb \ud83c\udde8\ud83c\udde6, Anthony Rota. <\/p>\n<p>\ud83e\udd1d Shqip\u00ebria \ud83c\udde6\ud83c\uddf1 dhe Kanadaja \ud83c\udde8\ud83c\udde6 g\u00ebzojn\u00eb nj\u00eb bashk\u00ebpunim t\u00eb shk\u00eblqyer n\u00eb NATO dhe n\u00eb OKB \ud83c\uddfa\ud83c\uddf3 duke ndar\u00eb t\u00eb nj\u00ebjtin angazhim p\u00ebr paqen dhe sigurin\u00eb bot\u00ebrore \ud83c\udf0d. <\/p>\n<p>Komuniteti shqiptar \ud83c\udde6\ud83c\uddf1 n\u00eb Kanada \u00ebsht\u00eb nj\u00eb ur\u00eb q\u00eb bashkon vendet tona dhe mir\u00ebpresim t\u00eb zgjerojm\u00eb m\u00eb tej bashk\u00ebpunimin ton\u00eb n\u00eb t\u00eb gjitha fushat me interes t\u00eb p\u00ebrbashk\u00ebt. \ud83c\udde6\ud83c\uddf1\ud83e\udd1d\ud83c\udde8\ud83c\udde6<\/p>\n","protected":false},"excerpt":{"rendered":"<p>Ministrja e Jashtme, Olta Xha\u00e7ka, ka pritur pasditen e sotme Kryetarin e Dhom\u00ebs s\u00eb Komun\u00ebve t\u00eb Parlamentit t\u00eb Kanadas\u00eb, Anthony Rota. Xha\u00e7ka shkruan, se kemi nj\u00eb bashk\u00ebpunim t\u00eb shk\u00eblqyer n\u00eb NATO dhe n\u00eb OKB. Komuniteti shqiptar n\u00eb Kanada \u00ebsht\u00eb nj\u00eb ur\u00eb q\u00eb bashkon vendet tona, thekson ajo. Postimi i plot\u00eb: \ud83d\udcbc E nderuar t\u00eb mir\u00ebprisja [&hellip;]<\/p>\n","protected":false},"author":2,"featured_media":23629,"comment_status":"open","ping_status":"open","sticky":false,"template":"","format":"standard","meta":{"footnotes":""},"categories":[9],"tags":[27],"class_list":{"0":"post-23628","1":"post","2":"type-post","3":"status-publish","4":"format-standard","5":"has-post-thumbnail","7":"category-politika","8":"tag-lajme"},"_links":{"self":[{"href":"https:\/\/neutrale.al\/index.php\/wp-json\/wp\/v2\/posts\/23628","targetHints":{"allow":["GET"]}}],"collection":[{"href":"https:\/\/neutrale.al\/index.php\/wp-json\/wp\/v2\/posts"}],"about":[{"href":"https:\/\/neutrale.al\/index.php\/wp-json\/wp\/v2\/types\/post"}],"author":[{"embeddable":true,"href":"https:\/\/neutrale.al\/index.php\/wp-json\/wp\/v2\/users\/2"}],"replies":[{"embeddable":true,"href":"https:\/\/neutrale.al\/index.php\/wp-json\/wp\/v2\/comments?post=23628"}],"version-history":[{"count":1,"href":"https:\/\/neutrale.al\/index.php\/wp-json\/wp\/v2\/posts\/23628\/revisions"}],"predecessor-version":[{"id":23630,"href":"https:\/\/neutrale.al\/index.php\/wp-json\/wp\/v2\/posts\/23628\/revisions\/23630"}],"wp:featuredmedia":[{"embeddable":true,"href":"https:\/\/neutrale.al\/index.php\/wp-json\/wp\/v2\/media\/23629"}],"wp:attachment":[{"href":"https:\/\/neutrale.al\/index.php\/wp-json\/wp\/v2\/media?parent=23628"}],"wp:term":[{"taxonomy":"category","embeddable":true,"href":"https:\/\/neutrale.al\/index.php\/wp-json\/wp\/v2\/categories?post=23628"},{"taxonomy":"post_tag","embeddable":true,"href":"https:\/\/neutrale.al\/index.php\/wp-json\/wp\/v2\/tags?post=23628"}],"curies":[{"name":"wp","href":"https:\/\/api.w.org\/{rel}","templated":true}]}}