{"id":23547,"date":"2022-10-13T10:14:15","date_gmt":"2022-10-13T10:14:15","guid":{"rendered":"https:\/\/neutrale.al\/?p=23547"},"modified":"2022-10-13T10:14:15","modified_gmt":"2022-10-13T10:14:15","slug":"fjalimi-i-rames-ne-kie-reagon-ish-zv-ministre-e-jashtme-harxhi-ky-turp-nuk-i-ndahet-edi-rames","status":"publish","type":"post","link":"https:\/\/neutrale.al\/index.php\/2022\/10\/13\/fjalimi-i-rames-ne-kie-reagon-ish-zv-ministre-e-jashtme-harxhi-ky-turp-nuk-i-ndahet-edi-rames\/","title":{"rendered":"Fjalimi i Ram\u00ebs n\u00eb KiE\/ Reagon ish zv.ministre e jashtme Harxhi: Ky turp nuk i ndahet Edi Ram\u00ebs!"},"content":{"rendered":"<p>Show n\u00eb Strasburg p\u00ebr t\u00eb mbuluar mos miratimin e rezolut\u00ebs p\u00ebr gjenocidin serb n\u00eb Kosov\u00eb.<\/p>\n<p>Mbas fjalimit t\u00eb gjat\u00eb t\u00eb kryeministrit Edi Rama n\u00eb Strasburg ka reaguar Edith Harxhi, ish zv.ministre e jashtme.<\/p>\n<p>Harxhi shkruan, se &#8220;Show i djesh\u00ebm n\u00eb Strasburg ishte n\u00eb t\u00ebr\u00ebsi i organizuar p\u00ebr t\u00eb mbuluar skandalin e mos miratimit t\u00eb rezolut\u00ebs s\u00eb Parlamentit t\u00eb Shqip\u00ebris\u00eb n\u00eb qershor 2022 t\u00eb propozuar nga Partia Demokratike, p\u00ebr njohjen dhe d\u00ebnimin e genocidit Serb n\u00eb Kosov\u00eb. Ky turp nuk i ndahet Edi Ram\u00ebs! <\/p>\n<p>Postimi i plot\u00eb:<\/p>\n<p>Show i djesh\u00ebm n\u00eb Strasburg ishte n\u00eb t\u00ebr\u00ebsi i organizuar p\u00ebr t\u00eb mbuluar skandalin e mos miratimit t\u00eb rezolut\u00ebs s\u00eb Parlamentit t\u00eb Shqip\u00ebris\u00eb n\u00eb qershor 2022 t\u00eb propozuar nga Partia Demokratike, p\u00ebr njohjen dhe d\u00ebnimin e genocidit Serb n\u00eb Kosov\u00eb. Ky turp nuk i ndahet Edi Ram\u00ebs! <\/p>\n<p>Ai as n\u00eb fjal\u00ebn e tij t\u00eb m\u00ebrzitshme dhe diplomatikisht jo-korrekte nuk p\u00ebrmendi n\u00eb asnj\u00eb \u00e7ast genocidin serb n\u00eb Kosov\u00eb. <\/p>\n<p>P\u00ebr t\u00eb miratuar rezolut\u00ebn e Dick Martit, n\u00eb at\u00eb koh\u00eb qeveria e Shqip\u00ebris\u00eb ku edhe une kam qen\u00eb pjes\u00eb,  \u00ebsht\u00eb konsultuar ngusht\u00eb me qeverin\u00eb e Kosov\u00ebs dhe pik\u00ebrisht ka marr\u00eb miratimin e Z. Tha\u00e7i p\u00ebr t\u00eb votuar pro rezolut\u00ebs dhe p\u00ebr t\u00eb treguar se ne nuk fshihemi dhe nuk fshehim kurr\u00ebgj\u00eb dhe jemi ball\u00eblart\u00eb p\u00ebr luft\u00ebn \u00e7lirimtare t\u00eb Kosov\u00ebs.<\/p>\n<p>Z. Rama si nj\u00eb mediok\u00ebr n\u00eb politik\u00eb t\u00eb jashtme, i nxitur nga d\u00ebshira p\u00ebr t\u00eb ndihmuar mikun e tij Vucic, nuk d\u00ebshiron ta kuptoj\u00eb se problemi ky\u00e7 q\u00ebndron tek votimi n\u00eb vitin 2015, i ligjit p\u00ebr ngritjen e Gjykat\u00ebs s\u00eb Posa\u00e7me nga ana e Kuvendit t\u00eb Kosov\u00ebs, pavar\u00ebsisht presionit nd\u00ebrkomb\u00ebtar.<\/p>\n<p>Show i djesh\u00ebm me q\u00ebndrimin alla Enver-Tito, t\u00eb Kryeministrit, fjalimi i tij oriental n\u00eb shkrim dhe shije, si dhe p\u00ebrgjigjet e tij prej \u201ckulleri\u201d ( garipi) ndaj eurodeputeteve, i kan\u00eb b\u00ebr\u00eb nj\u00eb d\u00ebm shum\u00eb t\u00eb madh Shqip\u00ebris\u00eb dhe ve\u00e7an\u00ebrisht Kosov\u00ebs n\u00eb pranimin e k\u00ebsaj t\u00eb fundit n\u00eb K\u00ebshillin e Europ\u00ebs pas aplikimit t\u00eb b\u00ebr\u00eb disa muaj m\u00eb par\u00eb. <\/p>\n<p>Jam e sigurt se dje Z. Rama duhet t\u00eb ket\u00eb qen\u00eb mjaft i ngarkuar emocionalisht pas nj\u00eb takimi aspak t\u00eb leht\u00eb n\u00eb Ankara, ku fatkeq\u00ebsisht e ka v\u00ebn\u00eb veten dhe vendin n\u00eb pozicionin e nj\u00eb nx\u00ebn\u00ebsi t\u00eb dob\u00ebt por t\u00eb bindur para \u201dm\u00ebsuesit\u201d t\u00eb tij. Ka koh\u00eb q\u00eb Ankaraja nuk e p\u00ebrfill m\u00eb, por e sajdis me l\u00ebmosh\u00eb! E mjera Shqip\u00ebri!!!<br \/>\n#shqip\u00ebrian\u00ebrrezik<\/p>\n","protected":false},"excerpt":{"rendered":"<p>Show n\u00eb Strasburg p\u00ebr t\u00eb mbuluar mos miratimin e rezolut\u00ebs p\u00ebr gjenocidin serb n\u00eb Kosov\u00eb. Mbas fjalimit t\u00eb gjat\u00eb t\u00eb kryeministrit Edi Rama n\u00eb Strasburg ka reaguar Edith Harxhi, ish zv.ministre e jashtme. Harxhi shkruan, se &#8220;Show i djesh\u00ebm n\u00eb Strasburg ishte n\u00eb t\u00ebr\u00ebsi i organizuar p\u00ebr t\u00eb mbuluar skandalin e mos miratimit t\u00eb rezolut\u00ebs [&hellip;]<\/p>\n","protected":false},"author":2,"featured_media":23548,"comment_status":"open","ping_status":"open","sticky":false,"template":"","format":"standard","meta":{"footnotes":""},"categories":[2],"tags":[],"class_list":{"0":"post-23547","1":"post","2":"type-post","3":"status-publish","4":"format-standard","5":"has-post-thumbnail","7":"category-opinione"},"_links":{"self":[{"href":"https:\/\/neutrale.al\/index.php\/wp-json\/wp\/v2\/posts\/23547","targetHints":{"allow":["GET"]}}],"collection":[{"href":"https:\/\/neutrale.al\/index.php\/wp-json\/wp\/v2\/posts"}],"about":[{"href":"https:\/\/neutrale.al\/index.php\/wp-json\/wp\/v2\/types\/post"}],"author":[{"embeddable":true,"href":"https:\/\/neutrale.al\/index.php\/wp-json\/wp\/v2\/users\/2"}],"replies":[{"embeddable":true,"href":"https:\/\/neutrale.al\/index.php\/wp-json\/wp\/v2\/comments?post=23547"}],"version-history":[{"count":1,"href":"https:\/\/neutrale.al\/index.php\/wp-json\/wp\/v2\/posts\/23547\/revisions"}],"predecessor-version":[{"id":23549,"href":"https:\/\/neutrale.al\/index.php\/wp-json\/wp\/v2\/posts\/23547\/revisions\/23549"}],"wp:featuredmedia":[{"embeddable":true,"href":"https:\/\/neutrale.al\/index.php\/wp-json\/wp\/v2\/media\/23548"}],"wp:attachment":[{"href":"https:\/\/neutrale.al\/index.php\/wp-json\/wp\/v2\/media?parent=23547"}],"wp:term":[{"taxonomy":"category","embeddable":true,"href":"https:\/\/neutrale.al\/index.php\/wp-json\/wp\/v2\/categories?post=23547"},{"taxonomy":"post_tag","embeddable":true,"href":"https:\/\/neutrale.al\/index.php\/wp-json\/wp\/v2\/tags?post=23547"}],"curies":[{"name":"wp","href":"https:\/\/api.w.org\/{rel}","templated":true}]}}