{"id":23539,"date":"2022-10-13T08:46:19","date_gmt":"2022-10-13T08:46:19","guid":{"rendered":"https:\/\/neutrale.al\/?p=23539"},"modified":"2022-10-13T08:46:19","modified_gmt":"2022-10-13T08:46:19","slug":"flamur-noka-per-para-rama-eshte-gati-ti-ktheje-vizat-shqiptareve","status":"publish","type":"post","link":"https:\/\/neutrale.al\/index.php\/2022\/10\/13\/flamur-noka-per-para-rama-eshte-gati-ti-ktheje-vizat-shqiptareve\/","title":{"rendered":"Flamur Noka : P\u00ebr para, Rama \u00ebsht\u00eb gati t&#8217;i kthej\u00eb vizat shqiptar\u00ebve."},"content":{"rendered":"<p>Postimi i plote i sekretarit t\u00eb p\u00ebrgjithsh\u00ebm t\u00eb PD Flamur Noka :<\/p>\n<p>Kujt i sh\u00ebrben Rama? <\/p>\n<p>Komisioni Europian ka paralajm\u00ebruar kthimin e regjimit t\u00eb vizave p\u00ebr shtetasit shqiptar\u00eb, n\u00eb rast se kryeministri i Shqip\u00ebris\u00eb do t&#8217;i shkoj\u00eb n\u00eb fund marr\u00ebzis\u00eb s\u00eb tij me t\u00eb ashtuquajtur\u00ebn &#8220;Pasaport\u00eb e Art\u00eb&#8221;. <\/p>\n<p>Skema t\u00eb tilla jan\u00eb t\u00eb rrezikshme p\u00ebr sigurin\u00eb dhe politik\u00ebn publike t\u00eb shteteve an\u00ebtare t\u00eb Bashkimit Europian. Kriminel\u00eb n\u00eb petkun e investitorit strategjik e shikojn\u00eb Shqip\u00ebrin\u00eb si parajs\u00eb korrupsioni, ku mund t\u00eb blejn\u00eb leje-nd\u00ebrtimi, ligje dhe vendime gjyq\u00ebsore me para n\u00eb dor\u00eb. <\/p>\n<p>P\u00ebr para, Rama \u00ebsht\u00eb gati t&#8217;i kthej\u00eb vizat shqiptar\u00ebve. Kujt i sh\u00ebrben ky njeri? Shqiptar\u00ebve jo e jo.<\/p>\n","protected":false},"excerpt":{"rendered":"<p>Postimi i plote i sekretarit t\u00eb p\u00ebrgjithsh\u00ebm t\u00eb PD Flamur Noka : Kujt i sh\u00ebrben Rama? Komisioni Europian ka paralajm\u00ebruar kthimin e regjimit t\u00eb vizave p\u00ebr shtetasit shqiptar\u00eb, n\u00eb rast se kryeministri i Shqip\u00ebris\u00eb do t&#8217;i shkoj\u00eb n\u00eb fund marr\u00ebzis\u00eb s\u00eb tij me t\u00eb ashtuquajtur\u00ebn &#8220;Pasaport\u00eb e Art\u00eb&#8221;. Skema t\u00eb tilla jan\u00eb t\u00eb rrezikshme p\u00ebr [&hellip;]<\/p>\n","protected":false},"author":2,"featured_media":23540,"comment_status":"open","ping_status":"open","sticky":false,"template":"","format":"standard","meta":{"footnotes":""},"categories":[9],"tags":[27],"class_list":{"0":"post-23539","1":"post","2":"type-post","3":"status-publish","4":"format-standard","5":"has-post-thumbnail","7":"category-politika","8":"tag-lajme"},"_links":{"self":[{"href":"https:\/\/neutrale.al\/index.php\/wp-json\/wp\/v2\/posts\/23539","targetHints":{"allow":["GET"]}}],"collection":[{"href":"https:\/\/neutrale.al\/index.php\/wp-json\/wp\/v2\/posts"}],"about":[{"href":"https:\/\/neutrale.al\/index.php\/wp-json\/wp\/v2\/types\/post"}],"author":[{"embeddable":true,"href":"https:\/\/neutrale.al\/index.php\/wp-json\/wp\/v2\/users\/2"}],"replies":[{"embeddable":true,"href":"https:\/\/neutrale.al\/index.php\/wp-json\/wp\/v2\/comments?post=23539"}],"version-history":[{"count":1,"href":"https:\/\/neutrale.al\/index.php\/wp-json\/wp\/v2\/posts\/23539\/revisions"}],"predecessor-version":[{"id":23541,"href":"https:\/\/neutrale.al\/index.php\/wp-json\/wp\/v2\/posts\/23539\/revisions\/23541"}],"wp:featuredmedia":[{"embeddable":true,"href":"https:\/\/neutrale.al\/index.php\/wp-json\/wp\/v2\/media\/23540"}],"wp:attachment":[{"href":"https:\/\/neutrale.al\/index.php\/wp-json\/wp\/v2\/media?parent=23539"}],"wp:term":[{"taxonomy":"category","embeddable":true,"href":"https:\/\/neutrale.al\/index.php\/wp-json\/wp\/v2\/categories?post=23539"},{"taxonomy":"post_tag","embeddable":true,"href":"https:\/\/neutrale.al\/index.php\/wp-json\/wp\/v2\/tags?post=23539"}],"curies":[{"name":"wp","href":"https:\/\/api.w.org\/{rel}","templated":true}]}}