{"id":23523,"date":"2022-10-13T08:24:41","date_gmt":"2022-10-13T08:24:41","guid":{"rendered":"https:\/\/neutrale.al\/?p=23523"},"modified":"2022-10-13T08:24:41","modified_gmt":"2022-10-13T08:24:41","slug":"91-vjetori-i-lindjes-se-dritero-agollit-meta-privilegj-dhe-fat-per-miqesine-shume-vjecare","status":"publish","type":"post","link":"https:\/\/neutrale.al\/index.php\/2022\/10\/13\/91-vjetori-i-lindjes-se-dritero-agollit-meta-privilegj-dhe-fat-per-miqesine-shume-vjecare\/","title":{"rendered":"91 vjetori i lindjes s\u00eb Drit\u00ebro Agollit\/ Meta: Privilegj dhe fat p\u00ebr miq\u00ebsin\u00eb shum\u00eb vje\u00e7are"},"content":{"rendered":"<p>K\u00ebshtu shkruan n\u00eb rrjetet sociale kreu i PL-s\u00eb Ilir Meta duke i p\u00ebrkushtuar disa radh\u00eb poetit Agolli, i ndar\u00eb nga jeta.<\/p>\n<p>Postimi:<\/p>\n<p>Sot p\u00ebrkujtojm\u00eb 91-vjetorin e lindjes s\u00eb shkrimtarit t\u00eb madh Drit\u00ebro Agolli, vlerat, veprat dhe kontributi i t\u00eb cilit e kan\u00eb b\u00ebr\u00eb t\u00eb paharruesh\u00ebm p\u00ebr let\u00ebrsin\u00eb  shqiptare.<br \/>\nGjithmon\u00eb e kam konsideruar privilegj dhe fat miq\u00ebsin\u00eb shum\u00eb vje\u00e7are me Drit\u00ebro Agollin, nj\u00ebkoh\u00ebsisht dhe faktin q\u00eb ai ka qen\u00eb bashk\u00ebudh\u00ebtar inkurajues n\u00eb fillimet e rrug\u00ebtimit tim politik.<br \/>\nDrit\u00ebroi e ndjente se do t\u00eb na mungonte shum\u00eb ndaj edhe p\u00ebrmes k\u00ebtyre vargjeve na e dha zgjidhjen p\u00ebr ta patur gjithnj\u00eb mes nesh p\u00ebrmes veprave t\u00eb tij.<\/p>\n<p>&#8220;Po kur t\u00eb jesh m\u00ebrzitur shum\u00eb.<br \/>\nN\u00eb raft t\u00eb librave k\u00ebrkom\u00eb,<br \/>\nAtje do t\u00eb jem i fshehur un\u00eb,<br \/>\nN\u00eb ndonj\u00eb varg a ndonj\u00eb shkronj\u00eb,<br \/>\nMjafton q\u00eb librin pak ta heq\u00ebsh<br \/>\nDhe un\u00eb do zbres, do vij pas teje;<br \/>\nTi si dikur me mall do qesh\u00ebsh,<br \/>\nSi nj\u00eb blerim pas nj\u00eb rr\u00ebkeje.&#8221;<\/p>\n","protected":false},"excerpt":{"rendered":"<p>K\u00ebshtu shkruan n\u00eb rrjetet sociale kreu i PL-s\u00eb Ilir Meta duke i p\u00ebrkushtuar disa radh\u00eb poetit Agolli, i ndar\u00eb nga jeta. Postimi: Sot p\u00ebrkujtojm\u00eb 91-vjetorin e lindjes s\u00eb shkrimtarit t\u00eb madh Drit\u00ebro Agolli, vlerat, veprat dhe kontributi i t\u00eb cilit e kan\u00eb b\u00ebr\u00eb t\u00eb paharruesh\u00ebm p\u00ebr let\u00ebrsin\u00eb shqiptare. Gjithmon\u00eb e kam konsideruar privilegj dhe fat [&hellip;]<\/p>\n","protected":false},"author":2,"featured_media":23524,"comment_status":"open","ping_status":"open","sticky":false,"template":"","format":"standard","meta":{"footnotes":""},"categories":[118],"tags":[],"class_list":{"0":"post-23523","1":"post","2":"type-post","3":"status-publish","4":"format-standard","5":"has-post-thumbnail","7":"category-kryesore"},"_links":{"self":[{"href":"https:\/\/neutrale.al\/index.php\/wp-json\/wp\/v2\/posts\/23523","targetHints":{"allow":["GET"]}}],"collection":[{"href":"https:\/\/neutrale.al\/index.php\/wp-json\/wp\/v2\/posts"}],"about":[{"href":"https:\/\/neutrale.al\/index.php\/wp-json\/wp\/v2\/types\/post"}],"author":[{"embeddable":true,"href":"https:\/\/neutrale.al\/index.php\/wp-json\/wp\/v2\/users\/2"}],"replies":[{"embeddable":true,"href":"https:\/\/neutrale.al\/index.php\/wp-json\/wp\/v2\/comments?post=23523"}],"version-history":[{"count":1,"href":"https:\/\/neutrale.al\/index.php\/wp-json\/wp\/v2\/posts\/23523\/revisions"}],"predecessor-version":[{"id":23525,"href":"https:\/\/neutrale.al\/index.php\/wp-json\/wp\/v2\/posts\/23523\/revisions\/23525"}],"wp:featuredmedia":[{"embeddable":true,"href":"https:\/\/neutrale.al\/index.php\/wp-json\/wp\/v2\/media\/23524"}],"wp:attachment":[{"href":"https:\/\/neutrale.al\/index.php\/wp-json\/wp\/v2\/media?parent=23523"}],"wp:term":[{"taxonomy":"category","embeddable":true,"href":"https:\/\/neutrale.al\/index.php\/wp-json\/wp\/v2\/categories?post=23523"},{"taxonomy":"post_tag","embeddable":true,"href":"https:\/\/neutrale.al\/index.php\/wp-json\/wp\/v2\/tags?post=23523"}],"curies":[{"name":"wp","href":"https:\/\/api.w.org\/{rel}","templated":true}]}}