{"id":23492,"date":"2022-10-12T19:44:15","date_gmt":"2022-10-12T19:44:15","guid":{"rendered":"https:\/\/neutrale.al\/?p=23492"},"modified":"2022-10-12T19:44:15","modified_gmt":"2022-10-12T19:44:15","slug":"rama-ne-keshillin-e-europes-gjyshja-ime-nje-grua-e-mencur-thoshte-fqinj-i-lumtur-eshte-shtepi-e-lumtur-turqia-greqia-dhe-italia-per-ne-jane-partner-strategjike","status":"publish","type":"post","link":"https:\/\/neutrale.al\/index.php\/2022\/10\/12\/rama-ne-keshillin-e-europes-gjyshja-ime-nje-grua-e-mencur-thoshte-fqinj-i-lumtur-eshte-shtepi-e-lumtur-turqia-greqia-dhe-italia-per-ne-jane-partner-strategjike\/","title":{"rendered":"Rama n\u00eb K\u00ebshillin e Europ\u00ebs: Gjyshja ime nj\u00eb grua e men\u00e7ur thoshte fqinj i lumtur \u00ebsht\u00eb sht\u00ebpi e lumtur. Turqia, Greqia dhe Italia p\u00ebr ne jan\u00eb partner strategjik\u00eb."},"content":{"rendered":"<p>Kryeministri Edi Rama i \u00ebsht\u00eb p\u00ebrgjigjur disa pyetjeve n\u00eb Asamblen\u00eb e P\u00ebrgjithshme t\u00eb KiE.<br \/>\nAi tha se Shqip\u00ebria nuk zgjedh mes miqve, referuar Turqis\u00eb e Greqis\u00eb.<\/p>\n<p>\u201cP\u00ebrgjigje ndaj zonjave e zot\u00ebrinjve e do i kthehem zonj\u00ebs nuk di nga vjen sepse nuk u prezantua, nga Greqia, tani kuptoj pse \u00ebsht\u00eb e shqet\u00ebsuar p\u00ebr marr\u00ebdh\u00ebnien me Turqin\u00eb. Ashtu si Greqia e Italia, t\u00eb trija jan\u00eb nj\u00ebsoj e n\u00eb politik\u00ebn ton\u00eb t\u00eb jashtme p\u00ebrcaktohen si partner\u00eb strategjik\u00eb. nuk kuptova pyetjen tuaj. Ju keni problemet tuaja shpresoj ti zgjidhni mes dialogut e drejt\u00ebsis\u00eb nd\u00ebrkomb\u00ebtare por kur b\u00ebhet fjal\u00eb p\u00ebr ne, nuk krahasojm\u00eb e zgjedhim mes miqve e partner\u00ebve tan se kemi m\u00ebsuar nga e shkuara se fqinj\u00ebt jan\u00eb aty p\u00ebr t\u00eb q\u00ebndruar p\u00ebrgjithmon\u00eb.<\/p>\n<p>Gjyshja ime nj\u00eb grua e men\u00e7ur thoshte fqinj i lumtur \u00ebsht\u00eb sht\u00ebpi e lumtur. n\u00eb nuk kemi frik\u00eb se nj\u00eb gj\u00eb e keqe mund t\u00eb vij\u00eb nga Turqia, n\u00eb t\u00eb kund\u00ebrt, \u00ebsht\u00eb shum\u00eb e r\u00ebnd\u00ebsishme p\u00ebr sigurin\u00eb e Europ\u00ebs. Pa ta kriza e emigrant\u00ebve do ishte kthyer n\u00eb kriz\u00eb apokaliptike p\u00ebr vendet m\u00eb t\u00eb r\u00ebnd\u00ebsishme t\u00eb Europ\u00ebs. Turqia q\u00ebndroi n\u00eb portat e Europ\u00ebs dhe b\u00ebri at\u00eb q\u00eb b\u00ebri. Kam privilegjin t\u00eb konsideroj vetem mik t\u00eb Erdogan e Mitsotaqis p\u00ebr t\u00eb zgjidhur k\u00ebt\u00eb \u00e7\u00ebshtje\u201d, tha ai.<\/p>\n","protected":false},"excerpt":{"rendered":"<p>Kryeministri Edi Rama i \u00ebsht\u00eb p\u00ebrgjigjur disa pyetjeve n\u00eb Asamblen\u00eb e P\u00ebrgjithshme t\u00eb KiE. Ai tha se Shqip\u00ebria nuk zgjedh mes miqve, referuar Turqis\u00eb e Greqis\u00eb. \u201cP\u00ebrgjigje ndaj zonjave e zot\u00ebrinjve e do i kthehem zonj\u00ebs nuk di nga vjen sepse nuk u prezantua, nga Greqia, tani kuptoj pse \u00ebsht\u00eb e shqet\u00ebsuar p\u00ebr marr\u00ebdh\u00ebnien me [&hellip;]<\/p>\n","protected":false},"author":2,"featured_media":23493,"comment_status":"open","ping_status":"open","sticky":false,"template":"","format":"standard","meta":{"footnotes":""},"categories":[118,9],"tags":[],"class_list":{"0":"post-23492","1":"post","2":"type-post","3":"status-publish","4":"format-standard","5":"has-post-thumbnail","7":"category-kryesore","8":"category-politika"},"_links":{"self":[{"href":"https:\/\/neutrale.al\/index.php\/wp-json\/wp\/v2\/posts\/23492","targetHints":{"allow":["GET"]}}],"collection":[{"href":"https:\/\/neutrale.al\/index.php\/wp-json\/wp\/v2\/posts"}],"about":[{"href":"https:\/\/neutrale.al\/index.php\/wp-json\/wp\/v2\/types\/post"}],"author":[{"embeddable":true,"href":"https:\/\/neutrale.al\/index.php\/wp-json\/wp\/v2\/users\/2"}],"replies":[{"embeddable":true,"href":"https:\/\/neutrale.al\/index.php\/wp-json\/wp\/v2\/comments?post=23492"}],"version-history":[{"count":1,"href":"https:\/\/neutrale.al\/index.php\/wp-json\/wp\/v2\/posts\/23492\/revisions"}],"predecessor-version":[{"id":23494,"href":"https:\/\/neutrale.al\/index.php\/wp-json\/wp\/v2\/posts\/23492\/revisions\/23494"}],"wp:featuredmedia":[{"embeddable":true,"href":"https:\/\/neutrale.al\/index.php\/wp-json\/wp\/v2\/media\/23493"}],"wp:attachment":[{"href":"https:\/\/neutrale.al\/index.php\/wp-json\/wp\/v2\/media?parent=23492"}],"wp:term":[{"taxonomy":"category","embeddable":true,"href":"https:\/\/neutrale.al\/index.php\/wp-json\/wp\/v2\/categories?post=23492"},{"taxonomy":"post_tag","embeddable":true,"href":"https:\/\/neutrale.al\/index.php\/wp-json\/wp\/v2\/tags?post=23492"}],"curies":[{"name":"wp","href":"https:\/\/api.w.org\/{rel}","templated":true}]}}