{"id":23444,"date":"2022-10-12T12:09:54","date_gmt":"2022-10-12T12:09:54","guid":{"rendered":"https:\/\/neutrale.al\/?p=23444"},"modified":"2022-10-12T12:09:54","modified_gmt":"2022-10-12T12:09:54","slug":"jam-mallakaster-vasil-tabaku-10-9-1953-25-12-2020","status":"publish","type":"post","link":"https:\/\/neutrale.al\/index.php\/2022\/10\/12\/jam-mallakaster-vasil-tabaku-10-9-1953-25-12-2020\/","title":{"rendered":"JAM   MALLAKAST\u00cbR \/Vasil Tabaku (10.9.1953- 25.12. 2020.)"},"content":{"rendered":"<p>N\u00ebp\u00ebr kraharor<br \/>\nnj\u00eb stuhi rrufesh\u00eb<br \/>\ndhe  ujrat mahnit\u00ebs t\u00eb Po\u00e7emit\u2026<br \/>\nKrah\u00ebt<br \/>\nmbush me p\u00ebrqafime,<br \/>\nnd\u00ebrsa iki tej<br \/>\nmbi dallg\u00ebt e valles mallakastriote,<br \/>\ni dehur  nga dashuria,<br \/>\nmikpritja e rrall\u00eb&#8230;<br \/>\nNd\u00ebrsa<br \/>\nbuz\u00ebqeshjet e vajzave t\u00eb bukura<br \/>\nz\u00ebn\u00eb  prit<br \/>\nposht deg\u00ebve t\u00eb ullinjve\u2026<br \/>\nJam Mallakastra<br \/>\njam k\u00ebnga shperthyese<br \/>\nmbi gonxhet e p\u00ebrflakura&#8230;<br \/>\nJam brerorja shum\u00ebngjyr\u00ebshe e petaleve<br \/>\nmbi kuror\u00ebn madh\u00ebshtore t\u00eb Gradisht\u00ebs&#8230;<br \/>\nJam puthja e rr\u00ebmbyer fshehtas<br \/>\nn\u00eb lugin\u00ebn e Vjos\u00ebs<br \/>\nmalli prej pelegrini<br \/>\nn\u00ebp\u00ebr gur\u00ebt enigmatik t\u00eb Gjanic\u00ebs\u2026<br \/>\nMos m\u00eb zgjoni,<br \/>\nm\u00eb lini n\u00eb \u00ebnd\u00ebrr&#8230;<br \/>\nm\u00eb lini aty,<br \/>\nmes arom\u00ebs mahnitese t\u00eb trendelin\u00ebs,<br \/>\nku dashuria e par\u00eb<br \/>\nd\u00ebnes ende duke  pritur\u2026<br \/>\nPo qiejt e thell\u00eb t\u00eb Mallakastr\u00ebs<br \/>\npikojn\u00eb mjalt prej yjesh me<br \/>\n\u00e7yrekun verbues t\u00eb h\u00ebn\u00ebs<br \/>\nn\u00ebp\u00ebr buz\u00ebt e mia<br \/>\ncopza h\u00ebne dhe kokrra yjesh<br \/>\nsi nj\u00eb grusht  sheg\u00ebsh t\u00eb shk\u00ebrrmoqura\u2026<br \/>\nMallakast\u00ebr<br \/>\nPrincesha ime fisnike,<br \/>\njam dashuruar me ty gjer n\u00eb marr\u00ebzi\u2026<br \/>\nRruget e tua<br \/>\nme hijet e bajameve sh\u00ebndrit\u00ebse,<br \/>\nme hapat prej gjethesh t\u00eb vajzave<br \/>\nSkifter\u00ebt e v\u00ebshtrimit t\u00eb djem\u00ebve, rr\u00ebmbejn\u00eb<br \/>\np\u00ebllumbat e bardh\u00eb t\u00eb gjinj\u00ebve<br \/>\ndhe ikin tej<br \/>\nn\u00ebp\u00ebr bok\u00ebrrishte krojesh p\u00ebshp\u00ebrit\u00ebs<br \/>\nme fsheht\u00ebsit\u00eb e fsheht\u00ebsive<br \/>\nku fshehtas<br \/>\nzgjohet dashuria\u2026<br \/>\nJam Mallakast\u00ebr,<br \/>\njam zjarri dhe drita,<br \/>\njam \u00ebndrra dhe puthja&#8230;<br \/>\njam brohroima e qiejeve t\u00eb thell\u00eb,<br \/>\nme duart mbushur me vet\u00ebtima\u2026<br \/>\nJam Mallakast\u00ebr,<br \/>\nvet bukuria,<br \/>\nzgjimi jam, vet dashuria&#8230;<br \/>\nJam  dita<br \/>\ne p\u00ebrmbytur n\u00eb detin e diellit,<br \/>\nme puthjen<br \/>\nvarur tek H\u00ebna\u2026<\/p>\n<p>Vasil Tabaku, 24 Korrik 2017<\/p>\n","protected":false},"excerpt":{"rendered":"<p>N\u00ebp\u00ebr kraharor nj\u00eb stuhi rrufesh\u00eb dhe ujrat mahnit\u00ebs t\u00eb Po\u00e7emit\u2026 Krah\u00ebt mbush me p\u00ebrqafime, nd\u00ebrsa iki tej mbi dallg\u00ebt e valles mallakastriote, i dehur nga dashuria, mikpritja e rrall\u00eb&#8230; Nd\u00ebrsa buz\u00ebqeshjet e vajzave t\u00eb bukura z\u00ebn\u00eb prit posht deg\u00ebve t\u00eb ullinjve\u2026 Jam Mallakastra jam k\u00ebnga shperthyese mbi gonxhet e p\u00ebrflakura&#8230; Jam brerorja shum\u00ebngjyr\u00ebshe e petaleve [&hellip;]<\/p>\n","protected":false},"author":2,"featured_media":23445,"comment_status":"open","ping_status":"open","sticky":false,"template":"","format":"standard","meta":{"footnotes":""},"categories":[120],"tags":[],"class_list":{"0":"post-23444","1":"post","2":"type-post","3":"status-publish","4":"format-standard","5":"has-post-thumbnail","7":"category-letersi"},"_links":{"self":[{"href":"https:\/\/neutrale.al\/index.php\/wp-json\/wp\/v2\/posts\/23444","targetHints":{"allow":["GET"]}}],"collection":[{"href":"https:\/\/neutrale.al\/index.php\/wp-json\/wp\/v2\/posts"}],"about":[{"href":"https:\/\/neutrale.al\/index.php\/wp-json\/wp\/v2\/types\/post"}],"author":[{"embeddable":true,"href":"https:\/\/neutrale.al\/index.php\/wp-json\/wp\/v2\/users\/2"}],"replies":[{"embeddable":true,"href":"https:\/\/neutrale.al\/index.php\/wp-json\/wp\/v2\/comments?post=23444"}],"version-history":[{"count":1,"href":"https:\/\/neutrale.al\/index.php\/wp-json\/wp\/v2\/posts\/23444\/revisions"}],"predecessor-version":[{"id":23446,"href":"https:\/\/neutrale.al\/index.php\/wp-json\/wp\/v2\/posts\/23444\/revisions\/23446"}],"wp:featuredmedia":[{"embeddable":true,"href":"https:\/\/neutrale.al\/index.php\/wp-json\/wp\/v2\/media\/23445"}],"wp:attachment":[{"href":"https:\/\/neutrale.al\/index.php\/wp-json\/wp\/v2\/media?parent=23444"}],"wp:term":[{"taxonomy":"category","embeddable":true,"href":"https:\/\/neutrale.al\/index.php\/wp-json\/wp\/v2\/categories?post=23444"},{"taxonomy":"post_tag","embeddable":true,"href":"https:\/\/neutrale.al\/index.php\/wp-json\/wp\/v2\/tags?post=23444"}],"curies":[{"name":"wp","href":"https:\/\/api.w.org\/{rel}","templated":true}]}}