{"id":23399,"date":"2022-10-12T09:24:04","date_gmt":"2022-10-12T09:24:04","guid":{"rendered":"https:\/\/neutrale.al\/?p=23399"},"modified":"2022-10-12T09:24:04","modified_gmt":"2022-10-12T09:24:04","slug":"kolonel-lgeni-evi-kokalari-shthur-gojen-ndaj-kolonel-dritan-demiraj-injoranca-e-kamionisteve-analitik-dhe-kolonel-lgenit-demiraj","status":"publish","type":"post","link":"https:\/\/neutrale.al\/index.php\/2022\/10\/12\/kolonel-lgeni-evi-kokalari-shthur-gojen-ndaj-kolonel-dritan-demiraj-injoranca-e-kamionisteve-analitik-dhe-kolonel-lgenit-demiraj\/","title":{"rendered":"Kolonel L*geni\/ Evi Kokalari shthur goj\u00ebn ndaj Kolonel Dritan Demiraj: Injoranca e kamionist\u00ebve analitik dhe Kolonel L*genit (Demiraj)."},"content":{"rendered":"<p>Aktivistja Evi Kokalari, ka shigjetuar n\u00eb rrjetet sociale Kolonel Dritan Demiraj.<\/p>\n<p>Ajo e ka l\u00ebshuar gjuh\u00ebn dhe sulmon Demiraj p\u00ebr nj\u00eb analiz\u00eb t\u00eb tij, ku lakon edhe Kokalarin.<\/p>\n<p>Kujtojm\u00eb se Kolonel Demiraj ka qen\u00eb p\u00ebr pak muaj minist\u00ebr i brendsh\u00ebm, n\u00eb qeverin\u00eb e p\u00ebrbashk\u00ebt Rama-Basha n\u00eb maj 2017 deri n\u00eb shtator t\u00eb t\u00eb nj\u00ebjtit vit.<\/p>\n<p>Ja postimi:<\/p>\n<p>Injoranca e kamionist\u00ebve analitik dhe t\u00eb Kolonel Legenit (Demiraj), s&#8217;kan\u00eb fund. <\/p>\n<p>Jo vet\u00ebm q\u00eb Kolonel Legeni vazhdon me shpifje, por duke q\u00ebn\u00eb prezent n\u00eb drek\u00ebn q\u00eb organizova me komunitetin Shqiptar\u00eb n\u00eb Michigan dhe me Ric Grenell, ku ma soll\u00ebn dhe k\u00ebt\u00eb injorant kundrejt d\u00ebshir\u00ebs time, dhe n\u00eb prezenc\u00eb t\u00eb 40 shqiptar\u00ebve d\u00ebshmimtar, Bleona Qerreti e pranishme, i thot\u00eb Grenell q\u00eb Evi duhet t\u00eb hyj n\u00eb Kongres. Grenell i p\u00ebrgjigjet duke i th\u00ebn\u00eb se &#8216;Evi duhet t\u00eb b\u00ebhet ambasadorja Amerikane n\u00eb Shqip\u00ebri&#8221;<\/p>\n<p>N\u00eb fakt, k\u00ebt\u00eb Grenell e kishte diskutuar dhe me miqt\u00eb tan\u00eb t\u00eb p\u00ebrbashk\u00ebt amerikan\u00eb, por n\u00eb at\u00eb drek\u00eb ishte m\u00eb shum\u00eb nj\u00eb batut\u00eb e momentit q\u00eb Kolonel Legeni q\u00eb ka 30 vjet n\u00eb Amerik\u00eb dhe s&#8217;kupton asnj\u00eb fjal\u00eb anglisht, e keqkuptoj\u00eb sikur Grenell tha q\u00eb Evi t\u00eb b\u00ebhet Ambasadorja Shqiptare n\u00eb Amerik\u00eb. As nuk po i futem llogjik\u00ebs q\u00eb Grenell nd\u00ebrhyri tek Rama p\u00ebr k\u00ebt\u00eb budallall\u00ebk apo q\u00eb do t\u00eb pranoja nj\u00eb post t\u00eb till\u00eb.<\/p>\n<p>Mjer\u00eb ata q\u00eb ju d\u00ebgjojn\u00eb. Mjer\u00eb ata q\u00eb p\u00ebrs\u00ebrisin budallall\u00ebqet tuaja. Mjer\u00eb Shqip\u00ebria e gjor\u00eb me k\u00ebt\u00eb llum nga ku s&#8217;do dalin dot kurr\u00eb.<\/p>\n<p>P\u00ebr Per\u00ebndi, boll d\u00ebgjuat analizat e kamionist\u00ebve dhe te llumit m\u00eb ordiner t\u00eb medias Shqiptare, se i b\u00ebni shum\u00eb d\u00ebm v\u00ebndit.<\/p>\n","protected":false},"excerpt":{"rendered":"<p>Aktivistja Evi Kokalari, ka shigjetuar n\u00eb rrjetet sociale Kolonel Dritan Demiraj. Ajo e ka l\u00ebshuar gjuh\u00ebn dhe sulmon Demiraj p\u00ebr nj\u00eb analiz\u00eb t\u00eb tij, ku lakon edhe Kokalarin. Kujtojm\u00eb se Kolonel Demiraj ka qen\u00eb p\u00ebr pak muaj minist\u00ebr i brendsh\u00ebm, n\u00eb qeverin\u00eb e p\u00ebrbashk\u00ebt Rama-Basha n\u00eb maj 2017 deri n\u00eb shtator t\u00eb t\u00eb nj\u00ebjtit vit. [&hellip;]<\/p>\n","protected":false},"author":2,"featured_media":23400,"comment_status":"open","ping_status":"open","sticky":false,"template":"","format":"standard","meta":{"footnotes":""},"categories":[9],"tags":[27],"class_list":{"0":"post-23399","1":"post","2":"type-post","3":"status-publish","4":"format-standard","5":"has-post-thumbnail","7":"category-politika","8":"tag-lajme"},"_links":{"self":[{"href":"https:\/\/neutrale.al\/index.php\/wp-json\/wp\/v2\/posts\/23399","targetHints":{"allow":["GET"]}}],"collection":[{"href":"https:\/\/neutrale.al\/index.php\/wp-json\/wp\/v2\/posts"}],"about":[{"href":"https:\/\/neutrale.al\/index.php\/wp-json\/wp\/v2\/types\/post"}],"author":[{"embeddable":true,"href":"https:\/\/neutrale.al\/index.php\/wp-json\/wp\/v2\/users\/2"}],"replies":[{"embeddable":true,"href":"https:\/\/neutrale.al\/index.php\/wp-json\/wp\/v2\/comments?post=23399"}],"version-history":[{"count":1,"href":"https:\/\/neutrale.al\/index.php\/wp-json\/wp\/v2\/posts\/23399\/revisions"}],"predecessor-version":[{"id":23401,"href":"https:\/\/neutrale.al\/index.php\/wp-json\/wp\/v2\/posts\/23399\/revisions\/23401"}],"wp:featuredmedia":[{"embeddable":true,"href":"https:\/\/neutrale.al\/index.php\/wp-json\/wp\/v2\/media\/23400"}],"wp:attachment":[{"href":"https:\/\/neutrale.al\/index.php\/wp-json\/wp\/v2\/media?parent=23399"}],"wp:term":[{"taxonomy":"category","embeddable":true,"href":"https:\/\/neutrale.al\/index.php\/wp-json\/wp\/v2\/categories?post=23399"},{"taxonomy":"post_tag","embeddable":true,"href":"https:\/\/neutrale.al\/index.php\/wp-json\/wp\/v2\/tags?post=23399"}],"curies":[{"name":"wp","href":"https:\/\/api.w.org\/{rel}","templated":true}]}}