{"id":23379,"date":"2022-10-12T08:47:15","date_gmt":"2022-10-12T08:47:15","guid":{"rendered":"https:\/\/neutrale.al\/?p=23379"},"modified":"2022-10-12T08:47:15","modified_gmt":"2022-10-12T08:47:15","slug":"erion-brace-nuk-jam-lobist-jam-deputet-i-ps-se","status":"publish","type":"post","link":"https:\/\/neutrale.al\/index.php\/2022\/10\/12\/erion-brace-nuk-jam-lobist-jam-deputet-i-ps-se\/","title":{"rendered":"Erion Bra\u00e7e: Nuk jam lobist, jam deputet i PS-s\u00eb"},"content":{"rendered":"<p>N\u00eb Krutje \u00ebsht\u00eb festuar 60 vjetori i shkoll\u00ebs s\u00eb mesme dhe n\u00eb k\u00ebt\u00eb p\u00ebrvjetor ka qen\u00eb i pranish\u00ebm edhe kreu i grupit parlamentar t\u00eb Partis\u00eb Socialiste, Taulant Balla.<br \/>\nNga kjo prani merr shkas ironia e holl\u00eb e deputetit t\u00eb zon\u00ebs Erion Bra\u00e7e.<\/p>\n<p>Ai shprehet n\u00eb rrjetet sociale, se nuk \u00ebsht\u00eb lobist, por deputet socialist.<\/p>\n<p>Ju jam mir\u00ebnjoh\u00ebs, shkruan ai, q\u00eb nuk m\u00eb keni harruar&#8230;<\/p>\n<p>Ja postimi i plot\u00eb:<\/p>\n<p>SHUME FALEMINDERIT!<br \/>\nJU JAM MIRENJOHES QE NUK ME KENI HARRUAR AKOMA!<\/p>\n<p>Por;<br \/>\nUNE NUK JAM LOBIST, JAM DEPUTET I PARTISE SOCIALISTE NE KRUTJE, ALLKAJ, BUBULLIME, KOLONJE;<\/p>\n<p>UNE NUK LOBOJ, UNE PUNOJ!<\/p>\n<p>Ne Krutje, nuk kemi bere vec gjimnazin, por edhe shkollen 9 vjecare, ne krah; KEMI BERE NJE QENDER TE MADHE EDUKIMI NGA KOPESHTI DERI NE GJIMNAZ; qender komunitare gjithashtu.<\/p>\n<p>U ulem me ministren NIKOLLA, folem mbi kete qender edukimi, me Fatosin ne bashki beme projektet, i diskutuam deri ne detajin e fundit, vendosem; ministrja SHAHINI ndoqi bashke me ne zbatimin e projektit, deri ne detajin e fundit; tani, me ministren KUSHI jemi ulur per te zgjeruar gamen e dijes aty-LABORATORET, POSACERISHT ATO TE INFORMATIKES, ELEKTRONIKES;<\/p>\n<p>KESHTU PUNOJME!<\/p>\n<p>Dhe e beme gjithcka me kokefortesi;<br \/>\nKishte nga ata-ishin dhe sot aty, qe peshtynin ligesi me alkool: DY SHKOLLA NJEHERESH NE KRUTJE, NA HYPI KRUTJA PRAPE; nje zhargon banal qe ndryshon sipas cilesise se rrakise gjithnje e me shpesh.<\/p>\n<p>Por Krutja-sic e mesuat sot, ka qene nje nga qendrat me te hershme e me te medha te arsimit ne Lushnje;<br \/>\nNDAJ MERITOI SHKOLLAT E ME SHUME SE AQ!<\/p>\n<p>Nuk kemi mbaruar; VIJOJME PUNEN!<\/p>\n","protected":false},"excerpt":{"rendered":"<p>N\u00eb Krutje \u00ebsht\u00eb festuar 60 vjetori i shkoll\u00ebs s\u00eb mesme dhe n\u00eb k\u00ebt\u00eb p\u00ebrvjetor ka qen\u00eb i pranish\u00ebm edhe kreu i grupit parlamentar t\u00eb Partis\u00eb Socialiste, Taulant Balla. Nga kjo prani merr shkas ironia e holl\u00eb e deputetit t\u00eb zon\u00ebs Erion Bra\u00e7e. Ai shprehet n\u00eb rrjetet sociale, se nuk \u00ebsht\u00eb lobist, por deputet socialist. Ju [&hellip;]<\/p>\n","protected":false},"author":2,"featured_media":23380,"comment_status":"open","ping_status":"open","sticky":false,"template":"","format":"standard","meta":{"footnotes":""},"categories":[9],"tags":[27],"class_list":{"0":"post-23379","1":"post","2":"type-post","3":"status-publish","4":"format-standard","5":"has-post-thumbnail","7":"category-politika","8":"tag-lajme"},"_links":{"self":[{"href":"https:\/\/neutrale.al\/index.php\/wp-json\/wp\/v2\/posts\/23379","targetHints":{"allow":["GET"]}}],"collection":[{"href":"https:\/\/neutrale.al\/index.php\/wp-json\/wp\/v2\/posts"}],"about":[{"href":"https:\/\/neutrale.al\/index.php\/wp-json\/wp\/v2\/types\/post"}],"author":[{"embeddable":true,"href":"https:\/\/neutrale.al\/index.php\/wp-json\/wp\/v2\/users\/2"}],"replies":[{"embeddable":true,"href":"https:\/\/neutrale.al\/index.php\/wp-json\/wp\/v2\/comments?post=23379"}],"version-history":[{"count":1,"href":"https:\/\/neutrale.al\/index.php\/wp-json\/wp\/v2\/posts\/23379\/revisions"}],"predecessor-version":[{"id":23381,"href":"https:\/\/neutrale.al\/index.php\/wp-json\/wp\/v2\/posts\/23379\/revisions\/23381"}],"wp:featuredmedia":[{"embeddable":true,"href":"https:\/\/neutrale.al\/index.php\/wp-json\/wp\/v2\/media\/23380"}],"wp:attachment":[{"href":"https:\/\/neutrale.al\/index.php\/wp-json\/wp\/v2\/media?parent=23379"}],"wp:term":[{"taxonomy":"category","embeddable":true,"href":"https:\/\/neutrale.al\/index.php\/wp-json\/wp\/v2\/categories?post=23379"},{"taxonomy":"post_tag","embeddable":true,"href":"https:\/\/neutrale.al\/index.php\/wp-json\/wp\/v2\/tags?post=23379"}],"curies":[{"name":"wp","href":"https:\/\/api.w.org\/{rel}","templated":true}]}}