{"id":23273,"date":"2022-10-11T15:16:45","date_gmt":"2022-10-11T15:16:45","guid":{"rendered":"https:\/\/neutrale.al\/?p=23273"},"modified":"2022-10-11T15:16:45","modified_gmt":"2022-10-11T15:16:45","slug":"cuci-ne-vjene-takim-me-homologun-austriak-karner-diskutuam-ceshtje-te-bashkepunimit-dypalesh-ne-fushen-policore","status":"publish","type":"post","link":"https:\/\/neutrale.al\/index.php\/2022\/10\/11\/cuci-ne-vjene-takim-me-homologun-austriak-karner-diskutuam-ceshtje-te-bashkepunimit-dypalesh-ne-fushen-policore\/","title":{"rendered":"\u00c7u\u00e7i n\u00eb Vjen\u00eb, takim me homologun austriak Karner: Diskutuam \u00e7\u00ebshtje t\u00eb bashk\u00ebpunimit dypal\u00ebsh n\u00eb fush\u00ebn policore"},"content":{"rendered":"<p>Ministri i Brendsh\u00ebm Bledi \u00c7u\u00e7i, shkruan n\u00eb rrjetet sociale, se kemi nisur nj\u00eb bashk\u00ebpunim me #AlpinPolizei t\u00eb Austris\u00eb, p\u00ebr t\u00eb trajnuar #FNSH n\u00eb alpet tona, n\u00eb m\u00ebnyr\u00eb q\u00eb edhe Shqip\u00ebria t\u00eb ket\u00eb nj\u00eb struktur\u00eb t\u00eb posa\u00e7me e t\u00eb specializuar p\u00ebr zonat alpine.<\/p>\n<p>Postimi i plot\u00eb:<\/p>\n<p>\ud83d\udccdVjen\u00eb &#8211; Takimi me homologun tim austriak Gerhard Karner, me t\u00eb cilin diskutuam \u00e7\u00ebshtje t\u00eb bashk\u00ebpunimit dypal\u00ebsh n\u00eb fush\u00ebn policore, luft\u00ebn kund\u00ebr krimit t\u00eb organizuar, terrorizmit, sulmeve kibernetike dhe emigracionit t\u00eb paligjsh\u00ebm. P\u00ebr k\u00ebt\u00eb t\u00eb fundit, ministri Karner vler\u00ebsoi Shqip\u00ebrin\u00eb p\u00ebr masat e nd\u00ebrmarra si nj\u00eb vend tranzit n\u00eb bllokimin e flukseve migratore t\u00eb paligjshme nga vendet e Afrik\u00ebs apo Lindjes s\u00eb Mesme drejt Europ\u00ebs. Kemi nisur nj\u00eb bashk\u00ebpunim me #AlpinPolizei t\u00eb Austris\u00eb, p\u00ebr t\u00eb trajnuar #FNSH n\u00eb alpet tona, n\u00eb m\u00ebnyr\u00eb q\u00eb edhe Shqip\u00ebria t\u00eb ket\u00eb nj\u00eb struktur\u00eb t\u00eb posa\u00e7me e t\u00eb specializuar p\u00ebr zonat alpine. Historikisht Austria ka qen\u00eb nj\u00eb vend mik p\u00ebr Shqip\u00ebrin\u00eb dhe mb\u00ebshtet\u00ebs i pal\u00ebkundur prej momenteve t\u00eb para t\u00eb krijimit t\u00eb shtetit shqiptar e deri m\u00eb sot teksa jemi n\u00eb rrug\u00ebn e pakthyeshme t\u00eb an\u00ebtar\u00ebsimit n\u00eb #BE. \ud83c\udde6\ud83c\uddf1\ud83e\udd1d\ud83c\udde6\ud83c\uddf9<\/p>\n","protected":false},"excerpt":{"rendered":"<p>Ministri i Brendsh\u00ebm Bledi \u00c7u\u00e7i, shkruan n\u00eb rrjetet sociale, se kemi nisur nj\u00eb bashk\u00ebpunim me #AlpinPolizei t\u00eb Austris\u00eb, p\u00ebr t\u00eb trajnuar #FNSH n\u00eb alpet tona, n\u00eb m\u00ebnyr\u00eb q\u00eb edhe Shqip\u00ebria t\u00eb ket\u00eb nj\u00eb struktur\u00eb t\u00eb posa\u00e7me e t\u00eb specializuar p\u00ebr zonat alpine. Postimi i plot\u00eb: \ud83d\udccdVjen\u00eb &#8211; Takimi me homologun tim austriak Gerhard Karner, me [&hellip;]<\/p>\n","protected":false},"author":2,"featured_media":23274,"comment_status":"open","ping_status":"open","sticky":false,"template":"","format":"standard","meta":{"footnotes":""},"categories":[118,9],"tags":[],"class_list":{"0":"post-23273","1":"post","2":"type-post","3":"status-publish","4":"format-standard","5":"has-post-thumbnail","7":"category-kryesore","8":"category-politika"},"_links":{"self":[{"href":"https:\/\/neutrale.al\/index.php\/wp-json\/wp\/v2\/posts\/23273","targetHints":{"allow":["GET"]}}],"collection":[{"href":"https:\/\/neutrale.al\/index.php\/wp-json\/wp\/v2\/posts"}],"about":[{"href":"https:\/\/neutrale.al\/index.php\/wp-json\/wp\/v2\/types\/post"}],"author":[{"embeddable":true,"href":"https:\/\/neutrale.al\/index.php\/wp-json\/wp\/v2\/users\/2"}],"replies":[{"embeddable":true,"href":"https:\/\/neutrale.al\/index.php\/wp-json\/wp\/v2\/comments?post=23273"}],"version-history":[{"count":1,"href":"https:\/\/neutrale.al\/index.php\/wp-json\/wp\/v2\/posts\/23273\/revisions"}],"predecessor-version":[{"id":23275,"href":"https:\/\/neutrale.al\/index.php\/wp-json\/wp\/v2\/posts\/23273\/revisions\/23275"}],"wp:featuredmedia":[{"embeddable":true,"href":"https:\/\/neutrale.al\/index.php\/wp-json\/wp\/v2\/media\/23274"}],"wp:attachment":[{"href":"https:\/\/neutrale.al\/index.php\/wp-json\/wp\/v2\/media?parent=23273"}],"wp:term":[{"taxonomy":"category","embeddable":true,"href":"https:\/\/neutrale.al\/index.php\/wp-json\/wp\/v2\/categories?post=23273"},{"taxonomy":"post_tag","embeddable":true,"href":"https:\/\/neutrale.al\/index.php\/wp-json\/wp\/v2\/tags?post=23273"}],"curies":[{"name":"wp","href":"https:\/\/api.w.org\/{rel}","templated":true}]}}